{"id":9851,"date":"2022-02-15T10:17:50","date_gmt":"2022-02-15T13:17:50","guid":{"rendered":"http:\/\/eenergetica.com.ar\/?p=9851"},"modified":"2022-02-15T10:17:52","modified_gmt":"2022-02-15T13:17:52","slug":"kicillof-prepara-el-relanzamiento-de-su-gestion-y-ya-no-disimula-su-plan-para-ir-por-un-nuevo-mandato-en-2023","status":"publish","type":"post","link":"https:\/\/eenergetica.com.ar\/index.php\/2022\/02\/15\/kicillof-prepara-el-relanzamiento-de-su-gestion-y-ya-no-disimula-su-plan-para-ir-por-un-nuevo-mandato-en-2023\/","title":{"rendered":"KICILLOF PREPARA EL RELANZAMIENTO DE SU GESTI\u00d3N Y YA NO DISIMULA SU PLAN PARA IR POR UN NUEVO MANDATO EN 2023"},"content":{"rendered":"\n<p><strong>Mientras lidia con los asuntos m\u00e1s urgentes y cr\u00edticos de la coyuntura, el gobernador bonaerense, Axel Kicillof, ya le da las puntadas finales al relanzamiento de su gesti\u00f3n, que tendr\u00e1 lugar en la inauguraci\u00f3n de sesiones ordinarias de la Legislatura provincial, y no disimula sus ganas de ir por un nuevo mandato en 2023.<\/strong><\/p>\n\n\n\n<p>&nbsp; &nbsp;Seg\u00fan supo NA de altas fuentes de la gobernaci\u00f3n provincial, Carlos Bianco, su actual jefe de asesores y quien fuera su ministro coordinador del Gabinete hasta hace pocos meses, &#8220;se encuentra trabajando&#8221; en el borrador del discurso, el cual estar\u00e1 centrado en un repaso exhaustivo de los hitos de su gesti\u00f3n, y tambi\u00e9n en la hoja de ruta para los pr\u00f3ximos seis a\u00f1os, resumidos en el &#8220;Plan 6&#215;6 de Reconstrucci\u00f3n y Transformaci\u00f3n provincial&#8221;.<\/p>\n\n\n\n<p>&nbsp;&nbsp; Se trata de un ambicioso plan -anunciado en diciembre pasado- con medidas priorizadas en todas las \u00e1reas de gobierno y objetivos a seis a\u00f1os, lo cual no deja lugar a equ\u00edvocos sobre la intenci\u00f3n del gobernador de ir por la reelecci\u00f3n.<\/p>\n\n\n\n<p>&nbsp;&nbsp; &#8220;Siempre decimos que lo importante son las pol\u00edticas que la provincia de Buenos Aires necesita para transformarse. Los nombres se definen despu\u00e9s y en esa definici\u00f3n influyen muchas cosas, pero s\u00ed, es una posibilidad ir por la reelecci\u00f3n&#8221;, confes\u00f3 a NA el funcionario consultado. .<\/p>\n\n\n\n<p>&nbsp;&nbsp; Las aspiraciones de Kicillof podr\u00edan chocar eventualmente con las de La C\u00e1mpora, que trabaja para consolidar el liderazgo de M\u00e1ximo Kirchner en la provincia de Buenos Aires, dejando abierta la puerta para una posible candidatura a gobernador.<\/p>\n\n\n\n<p>&nbsp;&nbsp; De hecho, el hijo de la vicepresidenta ya dio el primer paso en esa direcci\u00f3n al asumir como titular del PJ bonaerense, tras un arduo proceso en el que tuvo que enfrentar resistencias de algunos sectores.<\/p>\n\n\n\n<p>&nbsp;&nbsp; Tras la derrota en las PASO del a\u00f1o pasado, Kicillof conoci\u00f3 por primera vez el poder de fuego del l\u00edder de La C\u00e1mpora, aceptando a rega\u00f1adientes el desembarco de Mart\u00edn Insaurralde como jefe de Gabinete en reemplazo de su fiel ladero y mano derecha &#8220;Carli&#8221; Bianco.<\/p>\n\n\n\n<p>&nbsp;&nbsp; El gobernador atin\u00f3 a resistir la &#8220;intervenci\u00f3n&#8221; de su Gabinete e hizo un viaje rel\u00e1mpago a El Calafate para intentar torcer la voluntad de Cristina Kirchner, pero no pudo evitar la llegada del ex intendente de Lomas de Zamora, de estrecho v\u00ednculo con el l\u00edder camporista. .<\/p>\n\n\n\n<p>&nbsp;&nbsp; Kicillof sigue defini\u00e9ndose como &#8220;el kirchnerismo en la provincia de Buenos Aires&#8221;, y de hecho su lealtad a Cristina Kirchner, a quien reconoce como su jefa pol\u00edtica, est\u00e1 afuera de cualquier duda.<\/p>\n\n\n\n<p>&nbsp;&nbsp; Sin embargo, a ra\u00edz del principio de acuerdo que anunci\u00f3 el Gobierno con el Fondo Monetario Internacional (FMI), que dividi\u00f3 aguas en el oficialismo, empezaron a aparecer algunos atisbos de diferenciaci\u00f3n.<\/p>\n\n\n\n<p>&nbsp;&nbsp; Antes de que M\u00e1ximo Kirchner diera a conocer su explosiva carta en la que manifestaba su discrepancia con la estrategia del Gobierno en las negociaciones con el FMI y con sus resultados, Kicillof public\u00f3 un tuit en el que brind\u00f3 un tibio respaldo al entendimiento alcanzado.<\/p>\n\n\n\n<p>&nbsp;&nbsp; Cada vez que lo consultaban, el mandatario provincial ven\u00eda alertando sobre las consecuencias de un mal acuerdo, y de hecho semanas antes del anuncio del entendimiento le recomend\u00f3 al ministro de Econom\u00eda, Mart\u00edn Guzm\u00e1n, que &#8220;revisara la estrategia&#8221; para prevenir efectos no deseados.<\/p>\n\n\n\n<p>&nbsp;&nbsp; Una vez que se anunci\u00f3 el acuerdo, prefiri\u00f3 alinearse al resto de los gobernadores que apoyaron al Gobierno, aunque tuvo el cuidado de no utilizar elogios.<\/p>\n\n\n\n<p>&nbsp;&nbsp; En el fondo, Kicillof coincide con Kirchner en que el Gobierno debi\u00f3 endurecer sus posiciones ante el FMI cuando ten\u00eda la fortaleza para hacerlo, no bien asumido Alberto Fern\u00e1ndez en la presidencia, y de esa forma llegar a un arreglo en mejores t\u00e9rminos para la Argentina.<\/p>\n\n\n\n<p>&nbsp;&nbsp; &#8220;Nada en lo que est\u00e9 involucrado el FMI puede ser bueno. Hay que seguir trabajando para encontrar alternativas que impliquen salvaguardar a la poblaci\u00f3n del ajuste&#8221;, se\u00f1alaron a NA las fuentes consultadas. .<\/p>\n\n\n\n<p>&nbsp;&nbsp; Cr\u00edtico de la estrategia comandada por Guzm\u00e1n, el gobernador sin embargo cree que llegado a esta instancia en la que ya no hay vuelta atr\u00e1s, el acuerdo es un mal menor si se lo compara con el resultado catastr\u00f3fico que a su entender podr\u00eda ocasionar la declaraci\u00f3n del default con el organismo multilateral.<\/p>\n\n\n\n<p>&nbsp;&nbsp; &#8220;Axel tiene responsabilidad de gobernar y explotar todo rompiendo relaciones con el FMI no es una soluci\u00f3n para los 17 millones de bonaerenses&#8221;, explicaron cerca de Kicillof.<br>.<br>El plan 6&#215;6&#8211;<br>.<br>Con una pr\u00e9dica optimista, en su discurso de apertura de las sesiones ordinarias el pr\u00f3ximo 2 de marzo, el gobernador se referir\u00e1 al \u00e9xito de la temporada tur\u00edstica en la provincia de Buenos Aires como punto de partida de un proceso de reactivaci\u00f3n y transformaci\u00f3n productiva para la post pandemia.<\/p>\n\n\n\n<p>&nbsp;&nbsp; El &#8220;Plan 6&#215;6 de Reconstrucci\u00f3n y Transformaci\u00f3n provincial&#8221;, que fija plazos a seis a\u00f1os, precisa diez medidas y programas que, seg\u00fan destac\u00f3 en diciembre pasado, &#8220;formar\u00e1n parte de la mayor inversi\u00f3n de la historia de la Provincia en materia de Infraestructura, Educaci\u00f3n, Seguridad y Salud&#8221;.<\/p>\n\n\n\n<p>&nbsp;&nbsp; El programa incluye un plan de pavimentaci\u00f3n e iluminaci\u00f3n de 130.000 cuadras en el conurbano y las ciudades del interior bonaerense, adem\u00e1s de la reparaci\u00f3n de todas las escuelas, hospitales, Registros de las Personas, y la construcci\u00f3n de Casas de la Provincia en los distritos municipales.<\/p>\n\n\n\n<p>&nbsp;&nbsp; &#8220;Los edificios de la provincia se encuentran en muchos casos en un estado deplorable. Vamos a acondicionarlos y crear un mecanismo de mantenimiento preventivo en toda la provincia. No puede haber buena atenci\u00f3n si los edificios se caen a pedazos&#8221;, hab\u00eda dicho Kicillof.<\/p>\n\n\n\n<p>&nbsp;&nbsp; El plan de gesti\u00f3n tambi\u00e9n comprende la expansi\u00f3n de la conectividad rural con obras y el financiamiento de materiales y maquinaria para el mejorado de caminos rurales, con financiamiento de la conectividad de internet.<\/p>\n\n\n\n<p>&nbsp;&nbsp; Tambi\u00e9n se promover\u00e1n centros universitarios y de educaci\u00f3n superior en localidades que no cuentan con ese tipo de instituciones educativas.<br>&nbsp;&nbsp; Se realizar\u00e1n 180 obras en nuevos centros polideportivos y ampliaciones de los existentes, con nuevas piscinas y playones.<\/p>\n\n\n\n<p>&nbsp;&nbsp; El plan integral de Seguridad implicar\u00e1 avanzar en una mejor formaci\u00f3n policial y en el desarrollo de la carrera profesional, con el lanzamiento de 12 carreras de pre-grado y grado en el Instituto Universitario Juan Vucetich para polic\u00edas, funcionarios y agentes municipales.<\/p>\n\n\n\n<p>&nbsp;&nbsp; A su vez, Kicillof tiene previsto relanzar el IOMA duplicando la cantidad de profesionales m\u00e9dicos para el 2027, y la creaci\u00f3n de 200 nuevos policonsultorios de la obra social.<\/p>\n\n\n\n<p>&nbsp;&nbsp; Otro pilar del &#8220;Plan 6&#215;6&#8221; ser\u00e1 la digitalizaci\u00f3n y formaci\u00f3n laboral de los j\u00f3venes, a quienes se les har\u00e1 entrega de una computadora personal y tendr\u00e1n la posibilidad de realizar cursos vinculados a pr\u00e1cticas laborales.<\/p>\n\n\n\n<p>&nbsp;&nbsp; La promoci\u00f3n tur\u00edstica ser\u00e1 otro de las pol\u00edticas prioritarias, con el fomento de destinos no tradicionales de la provincia y la continuidad del financiamiento de los viajes estudiantiles de fin de curso.<\/p>\n\n\n\n<p>&nbsp;&nbsp; La educaci\u00f3n ser\u00e1 otro pilar central del &#8220;plan 6&#215;6&#8221; y Kicillof tiene previsto hacer un fuerte hincapi\u00e9 en esa tem\u00e1tica durante su mensaje a la Asamblea Legislativa provincial en la ceremonia de apertura de las sesiones ordinarias.<\/p>\n","protected":false},"excerpt":{"rendered":"<p>Mientras lidia con los asuntos m\u00e1s urgentes y cr\u00edticos de la coyuntura, el gobernador bonaerense, Axel Kicillof, ya le da las puntadas finales al relanzamiento de su gesti\u00f3n, que tendr\u00e1&hellip; <\/p>\n","protected":false},"author":2,"featured_media":9852,"comment_status":"closed","ping_status":"open","sticky":false,"template":"","format":"standard","meta":{"footnotes":""},"categories":[20],"tags":[],"class_list":["post-9851","post","type-post","status-publish","format-standard","has-post-thumbnail","hentry","category-politica"],"_links":{"self":[{"href":"https:\/\/eenergetica.com.ar\/index.php\/wp-json\/wp\/v2\/posts\/9851","targetHints":{"allow":["GET"]}}],"collection":[{"href":"https:\/\/eenergetica.com.ar\/index.php\/wp-json\/wp\/v2\/posts"}],"about":[{"href":"https:\/\/eenergetica.com.ar\/index.php\/wp-json\/wp\/v2\/types\/post"}],"author":[{"embeddable":true,"href":"https:\/\/eenergetica.com.ar\/index.php\/wp-json\/wp\/v2\/users\/2"}],"replies":[{"embeddable":true,"href":"https:\/\/eenergetica.com.ar\/index.php\/wp-json\/wp\/v2\/comments?post=9851"}],"version-history":[{"count":1,"href":"https:\/\/eenergetica.com.ar\/index.php\/wp-json\/wp\/v2\/posts\/9851\/revisions"}],"predecessor-version":[{"id":9853,"href":"https:\/\/eenergetica.com.ar\/index.php\/wp-json\/wp\/v2\/posts\/9851\/revisions\/9853"}],"wp:featuredmedia":[{"embeddable":true,"href":"https:\/\/eenergetica.com.ar\/index.php\/wp-json\/wp\/v2\/media\/9852"}],"wp:attachment":[{"href":"https:\/\/eenergetica.com.ar\/index.php\/wp-json\/wp\/v2\/media?parent=9851"}],"wp:term":[{"taxonomy":"category","embeddable":true,"href":"https:\/\/eenergetica.com.ar\/index.php\/wp-json\/wp\/v2\/categories?post=9851"},{"taxonomy":"post_tag","embeddable":true,"href":"https:\/\/eenergetica.com.ar\/index.php\/wp-json\/wp\/v2\/tags?post=9851"}],"curies":[{"name":"wp","href":"https:\/\/api.w.org\/{rel}","templated":true}]}}