{"id":9848,"date":"2022-02-15T10:11:13","date_gmt":"2022-02-15T13:11:13","guid":{"rendered":"http:\/\/eenergetica.com.ar\/?p=9848"},"modified":"2022-02-15T10:11:14","modified_gmt":"2022-02-15T13:11:14","slug":"grindetti-reclamo-que-la-policia-local-dependa-directamente-de-los-intendentes","status":"publish","type":"post","link":"https:\/\/eenergetica.com.ar\/index.php\/2022\/02\/15\/grindetti-reclamo-que-la-policia-local-dependa-directamente-de-los-intendentes\/","title":{"rendered":"GRINDETTI RECLAM\u00d3 QUE LA POLIC\u00cdA LOCAL DEPENDA DIRECTAMENTE DE LOS INTENDENTES"},"content":{"rendered":"\n<p><strong>El intendente del partido bonaerense de Lan\u00fas, N\u00e9stor Grindetti, reiter\u00f3 hoy su reclamo para que la Polic\u00eda Local dependa directamente de los jefes comunales de cada distrito y advirti\u00f3 que la inseguridad &#8220;es insufrible para los vecinos&#8221;.<\/strong><\/p>\n\n\n\n<p>&nbsp; &nbsp;&#8220;Estamos muy complicados con la inseguridad, en una pendiente que viene sucediendo hace varios a\u00f1os. En los barrios popular ha empeorado radicalmente, donde volvieron bunkers de venta minorista de drogas que hab\u00edan sido erradicados. Los vecinos est\u00e1n preocupados&#8221;, sostuvo el mandatario comunal.<\/p>\n\n\n\n<p>&nbsp;&nbsp; En di\u00e1logo con Esta Ma\u00f1ana, el programa que conduce Pablo Rossi en Radio Rivadavia, el dirigente del PRO remarc\u00f3 que se trata de &#8220;un problema estructural&#8221; y alert\u00f3 que &#8220;es insufrible la situaci\u00f3n para los vecinos&#8221;.<\/p>\n\n\n\n<p>&nbsp;&nbsp; Ante ese panorama, Grindetti insisti\u00f3 en su pedido para que se avance en el traspaso de la Polic\u00eda Local: &#8220;Deber\u00eda depender de los intendentes, porque somos los que tenemos la posibilidad territorial de estar encima del tema. Ser\u00eda un aporte para solucionar el problema&#8221;.<\/p>\n\n\n\n<p>&nbsp;&nbsp; Por otra parte, el intendente de Lan\u00fas cuestion\u00f3 la intenci\u00f3n del Gobierno nacional de quitarle subsidios a la Ciudad a trav\u00e9s del traspaso de 32 l\u00edneas de colectivo y afirm\u00f3 que &#8220;es para la tribuna&#8221;.<\/p>\n\n\n\n<p>&nbsp;&nbsp; &#8220;Lo que puede ahorrarse la Naci\u00f3n as\u00ed es m\u00ednimo frente al tema de los subsidios, que es una bola de nieve que ha crecido de una manera incre\u00edble y va a ser tremendamente dif\u00edcil desarmarlo sin costo social&#8221;, se\u00f1al\u00f3.<\/p>\n\n\n\n<p>&nbsp;&nbsp; Y concluy\u00f3: &#8220;Buscan tratar de dividir y poner al resto de los gobernadores en contra del Gobierno de la Ciudad&#8221;.<\/p>\n","protected":false},"excerpt":{"rendered":"<p>El intendente del partido bonaerense de Lan\u00fas, N\u00e9stor Grindetti, reiter\u00f3 hoy su reclamo para que la Polic\u00eda Local dependa directamente de los jefes comunales de cada distrito y advirti\u00f3 que&hellip; <\/p>\n","protected":false},"author":2,"featured_media":9849,"comment_status":"closed","ping_status":"open","sticky":false,"template":"","format":"standard","meta":{"footnotes":""},"categories":[20],"tags":[],"class_list":["post-9848","post","type-post","status-publish","format-standard","has-post-thumbnail","hentry","category-politica"],"_links":{"self":[{"href":"https:\/\/eenergetica.com.ar\/index.php\/wp-json\/wp\/v2\/posts\/9848","targetHints":{"allow":["GET"]}}],"collection":[{"href":"https:\/\/eenergetica.com.ar\/index.php\/wp-json\/wp\/v2\/posts"}],"about":[{"href":"https:\/\/eenergetica.com.ar\/index.php\/wp-json\/wp\/v2\/types\/post"}],"author":[{"embeddable":true,"href":"https:\/\/eenergetica.com.ar\/index.php\/wp-json\/wp\/v2\/users\/2"}],"replies":[{"embeddable":true,"href":"https:\/\/eenergetica.com.ar\/index.php\/wp-json\/wp\/v2\/comments?post=9848"}],"version-history":[{"count":1,"href":"https:\/\/eenergetica.com.ar\/index.php\/wp-json\/wp\/v2\/posts\/9848\/revisions"}],"predecessor-version":[{"id":9850,"href":"https:\/\/eenergetica.com.ar\/index.php\/wp-json\/wp\/v2\/posts\/9848\/revisions\/9850"}],"wp:featuredmedia":[{"embeddable":true,"href":"https:\/\/eenergetica.com.ar\/index.php\/wp-json\/wp\/v2\/media\/9849"}],"wp:attachment":[{"href":"https:\/\/eenergetica.com.ar\/index.php\/wp-json\/wp\/v2\/media?parent=9848"}],"wp:term":[{"taxonomy":"category","embeddable":true,"href":"https:\/\/eenergetica.com.ar\/index.php\/wp-json\/wp\/v2\/categories?post=9848"},{"taxonomy":"post_tag","embeddable":true,"href":"https:\/\/eenergetica.com.ar\/index.php\/wp-json\/wp\/v2\/tags?post=9848"}],"curies":[{"name":"wp","href":"https:\/\/api.w.org\/{rel}","templated":true}]}}