{"id":9845,"date":"2022-02-15T09:48:01","date_gmt":"2022-02-15T12:48:01","guid":{"rendered":"http:\/\/eenergetica.com.ar\/?p=9845"},"modified":"2022-02-15T09:48:02","modified_gmt":"2022-02-15T12:48:02","slug":"maximo-kirchner-reaparecio-en-una-cumbre-del-pj-bonaerense","status":"publish","type":"post","link":"https:\/\/eenergetica.com.ar\/index.php\/2022\/02\/15\/maximo-kirchner-reaparecio-en-una-cumbre-del-pj-bonaerense\/","title":{"rendered":"M\u00c1XIMO KIRCHNER REAPARECI\u00d3 EN UNA CUMBRE DEL PJ BONAERENSE"},"content":{"rendered":"\n<p><strong>Tras su renuncia a la conducci\u00f3n del bloque del Frente de Todos en la C\u00e1mara de Diputados, el l\u00edder de La C\u00e1mpora, M\u00e1ximo Kirchner, reapareci\u00f3 en escena al encabezar una reuni\u00f3n de consejeros del PJ Bonaerense, de la que participaron varios funcionarios del Gobierno nacional.<\/strong><\/p>\n\n\n\n<p>&nbsp; &nbsp;En la ciudad de La Plata, el presidente del sello provincial avanz\u00f3 en su intento de cerrar una lista de unidad de cara a los comicios internos del 27 de marzo.<\/p>\n\n\n\n<p>&nbsp;&nbsp; Los dirigentes peronistas &#8220;ponderaron la necesidad de la unidad del peronismo&#8221; y en ese contexto &#8220;se destac\u00f3 la idea de&nbsp;profundizar las discusiones internas&nbsp;en el marco institucional del PJ&#8221;, destac\u00f3 un comunicado partidario.<\/p>\n\n\n\n<p>&nbsp;&nbsp; Otro de los puntos del encuentro fue el abordaje de la situaci\u00f3n econ\u00f3mica en la Argentina. Con el Gobierno trabajando para aprobar en el Congreso el acuerdo con el Fondo Monetario Internacional (FMI), los consejeros del PJ Bonaerense destacaron la&nbsp;&#8220;recuperaci\u00f3n&#8221; econ\u00f3mica y bregaron por la &#8220;recomposici\u00f3n salarial de los trabajadores&#8221;.<\/p>\n\n\n\n<p>&nbsp;&nbsp; Entre los casi cincuenta participantes se destacaron tres ministros del Gobierno dirigido por el presidente Alberto Fern\u00e1ndez: Gabriel Katopodis (Obras p\u00fablicas), Jorge Ferraresi (Desarrollo Territorial y H\u00e1bitat) y Juan Zabaleta (Desarrollo Social).<\/p>\n\n\n\n<p>&nbsp;&nbsp; Adem\u00e1s participaron funcionarios que responden a Axel Kicillof: los ministros de Infraestructura y Servicios P\u00fablicos, Leonardo Nardini; de Desarrollo de la Comunidad, Andr\u00e9s Larroque; y de Justicia y Derechos Humanos, Julio Alak; y la presidenta del Instituto Cultural, Florencia Saintout.<\/p>\n\n\n\n<p>&nbsp;&nbsp; Tambi\u00e9n estuvieron presentes otros dirigentes, como intendentes y legisladores nacionales: Fernando Espinoza, Mayra Mendoza, Mariano Cascallares, Gustavo Men\u00e9ndez, Victoria Tolosa Paz y Juliana Di Tulio, entre otros.<\/p>\n\n\n\n<p>&nbsp;&nbsp; &#8220;Junto a M\u00e1ximo Kirchner, presidente del Partido Justicialista bonaerense, compartimos una larga e interesante charla de debate con las compa\u00f1eras y los compa\u00f1eros sobre&nbsp;el presente y futuro del peronismo y la provincia de Buenos Aires&#8221;, public\u00f3 el jefe de Gabinete bonaerense, Mart\u00edn Insaurralde.<\/p>\n","protected":false},"excerpt":{"rendered":"<p>Tras su renuncia a la conducci\u00f3n del bloque del Frente de Todos en la C\u00e1mara de Diputados, el l\u00edder de La C\u00e1mpora, M\u00e1ximo Kirchner, reapareci\u00f3 en escena al encabezar una&hellip; <\/p>\n","protected":false},"author":2,"featured_media":9846,"comment_status":"closed","ping_status":"open","sticky":false,"template":"","format":"standard","meta":{"footnotes":""},"categories":[24],"tags":[],"class_list":["post-9845","post","type-post","status-publish","format-standard","has-post-thumbnail","hentry","category-provincia"],"_links":{"self":[{"href":"https:\/\/eenergetica.com.ar\/index.php\/wp-json\/wp\/v2\/posts\/9845","targetHints":{"allow":["GET"]}}],"collection":[{"href":"https:\/\/eenergetica.com.ar\/index.php\/wp-json\/wp\/v2\/posts"}],"about":[{"href":"https:\/\/eenergetica.com.ar\/index.php\/wp-json\/wp\/v2\/types\/post"}],"author":[{"embeddable":true,"href":"https:\/\/eenergetica.com.ar\/index.php\/wp-json\/wp\/v2\/users\/2"}],"replies":[{"embeddable":true,"href":"https:\/\/eenergetica.com.ar\/index.php\/wp-json\/wp\/v2\/comments?post=9845"}],"version-history":[{"count":1,"href":"https:\/\/eenergetica.com.ar\/index.php\/wp-json\/wp\/v2\/posts\/9845\/revisions"}],"predecessor-version":[{"id":9847,"href":"https:\/\/eenergetica.com.ar\/index.php\/wp-json\/wp\/v2\/posts\/9845\/revisions\/9847"}],"wp:featuredmedia":[{"embeddable":true,"href":"https:\/\/eenergetica.com.ar\/index.php\/wp-json\/wp\/v2\/media\/9846"}],"wp:attachment":[{"href":"https:\/\/eenergetica.com.ar\/index.php\/wp-json\/wp\/v2\/media?parent=9845"}],"wp:term":[{"taxonomy":"category","embeddable":true,"href":"https:\/\/eenergetica.com.ar\/index.php\/wp-json\/wp\/v2\/categories?post=9845"},{"taxonomy":"post_tag","embeddable":true,"href":"https:\/\/eenergetica.com.ar\/index.php\/wp-json\/wp\/v2\/tags?post=9845"}],"curies":[{"name":"wp","href":"https:\/\/api.w.org\/{rel}","templated":true}]}}