{"id":9563,"date":"2022-02-04T14:43:50","date_gmt":"2022-02-04T17:43:50","guid":{"rendered":"http:\/\/eenergetica.com.ar\/?p=9563"},"modified":"2022-02-04T14:43:51","modified_gmt":"2022-02-04T17:43:51","slug":"ciclo-lectivo-2022-habilitaron-la-presencialidad-plena-en-las-universidades-bonaerenses","status":"publish","type":"post","link":"https:\/\/eenergetica.com.ar\/index.php\/2022\/02\/04\/ciclo-lectivo-2022-habilitaron-la-presencialidad-plena-en-las-universidades-bonaerenses\/","title":{"rendered":"CICLO LECTIVO 2022: HABILITARON LA PRESENCIALIDAD PLENA EN LAS UNIVERSIDADES BONAERENSES"},"content":{"rendered":"\n<p><strong>El Gobierno de la Provincia de Buenos Aires confirm\u00f3 que el ciclo lectivo de este a\u00f1o para todas las universidades ser\u00e1 presencial en su totalidad y que la vacunaci\u00f3n ser\u00e1 recomendada pero no obligatoria.<\/strong><\/p>\n\n\n\n<p>&nbsp; &nbsp;Adem\u00e1s, se inform\u00f3 que el pase sanitario no ser\u00eda obligatorio para el ingreso a las aulas.<\/p>\n\n\n\n<p>&nbsp;&nbsp; La habilitaci\u00f3n de la presencialidad plena que ya fue publicada en el Bolet\u00edn Oficial provincial, espec\u00edficamente en el documento 4-MJGM-2022, la firmaron el ministro de Salud, Nicol\u00e1s Kreplak, y el jefe de Gabinete, Mart\u00edn Insaurralde.<\/p>\n\n\n\n<p>&nbsp;&nbsp; Entre los nuevos lineamientos, se indica que en las aulas estar\u00e1 permitido el aforo del 100% y la vacunaci\u00f3n contra el coronavirus ser\u00e1 &#8220;recomendado&#8221;, por lo cual no se pedir\u00eda -en principio- el pase sanitario.<\/p>\n\n\n\n<p>&nbsp;&nbsp; S\u00ed ser\u00e1 obligatorio el uso del tapabocas en el ingreso y la permanencia en los edificios, mientras que podr\u00e1 no colocarse la mascarilla al aire libre cuando se respete una distancia de dos metros o m\u00e1s.<\/p>\n\n\n\n<p>&nbsp;&nbsp; &#8220;Lineamientos sanitarios para el retorno a la presencialidad plena en universidades e institutos universitarios con asiento en la provincia de Buenos Aires&#8221;, es el documento en el que se publicaron los requisitos.<\/p>\n\n\n\n<p>&nbsp;&nbsp; En el mismo, se indica adem\u00e1s que si los espacios no pueden ser ventilados naturalmente no podr\u00e1n ser usados para dar clase.<\/p>\n\n\n\n<p>&nbsp;&nbsp; Con respecto a los aislamientos por contagios, en el documento se especifica que un caso confirmado o un caso sospechoso no podr\u00e1 circular, y &#8220;ante la confirmaci\u00f3n de un caso de Covid-19 que haya permanecido en las instalaciones desde 48 horas previas al inicio de los s\u00edntomas o de la toma de muestra de hisopado (en asintom\u00e1ticos) se deber\u00e1 comunicar al grupo&#8221;.<\/p>\n\n\n\n<p>&nbsp;&nbsp; En tanto, las personas que hayan sido contacto estrecho y est\u00e9n vacunadas (con menos de cuatro meses de la \u00faltima dosis, ya sea segunda o refuerzo) o recientemente recuperados de una infecci\u00f3n por coronavirus (dentro de los 90 d\u00edas) no deber\u00e1n cumplir con el aislamiento.<\/p>\n\n\n\n<p>&nbsp;&nbsp; En cambio, s\u00ed tendr\u00e1n que hacer el aislamiento los contactos estrechos asintom\u00e1ticos sin vacunaci\u00f3n o con esquema incompleto.<\/p>\n","protected":false},"excerpt":{"rendered":"<p>El Gobierno de la Provincia de Buenos Aires confirm\u00f3 que el ciclo lectivo de este a\u00f1o para todas las universidades ser\u00e1 presencial en su totalidad y que la vacunaci\u00f3n ser\u00e1&hellip; <\/p>\n","protected":false},"author":2,"featured_media":9564,"comment_status":"closed","ping_status":"open","sticky":false,"template":"","format":"standard","meta":{"footnotes":""},"categories":[22],"tags":[],"class_list":["post-9563","post","type-post","status-publish","format-standard","has-post-thumbnail","hentry","category-sociedad"],"_links":{"self":[{"href":"https:\/\/eenergetica.com.ar\/index.php\/wp-json\/wp\/v2\/posts\/9563","targetHints":{"allow":["GET"]}}],"collection":[{"href":"https:\/\/eenergetica.com.ar\/index.php\/wp-json\/wp\/v2\/posts"}],"about":[{"href":"https:\/\/eenergetica.com.ar\/index.php\/wp-json\/wp\/v2\/types\/post"}],"author":[{"embeddable":true,"href":"https:\/\/eenergetica.com.ar\/index.php\/wp-json\/wp\/v2\/users\/2"}],"replies":[{"embeddable":true,"href":"https:\/\/eenergetica.com.ar\/index.php\/wp-json\/wp\/v2\/comments?post=9563"}],"version-history":[{"count":1,"href":"https:\/\/eenergetica.com.ar\/index.php\/wp-json\/wp\/v2\/posts\/9563\/revisions"}],"predecessor-version":[{"id":9565,"href":"https:\/\/eenergetica.com.ar\/index.php\/wp-json\/wp\/v2\/posts\/9563\/revisions\/9565"}],"wp:featuredmedia":[{"embeddable":true,"href":"https:\/\/eenergetica.com.ar\/index.php\/wp-json\/wp\/v2\/media\/9564"}],"wp:attachment":[{"href":"https:\/\/eenergetica.com.ar\/index.php\/wp-json\/wp\/v2\/media?parent=9563"}],"wp:term":[{"taxonomy":"category","embeddable":true,"href":"https:\/\/eenergetica.com.ar\/index.php\/wp-json\/wp\/v2\/categories?post=9563"},{"taxonomy":"post_tag","embeddable":true,"href":"https:\/\/eenergetica.com.ar\/index.php\/wp-json\/wp\/v2\/tags?post=9563"}],"curies":[{"name":"wp","href":"https:\/\/api.w.org\/{rel}","templated":true}]}}