{"id":9455,"date":"2022-01-31T11:46:52","date_gmt":"2022-01-31T14:46:52","guid":{"rendered":"http:\/\/eenergetica.com.ar\/?p=9455"},"modified":"2022-01-31T11:46:53","modified_gmt":"2022-01-31T14:46:53","slug":"katopodis-reconocio-que-existen-tensiones-y-matices-en-el-frente-de-todos-en-torno-al-acuerdo-con-el-fmi","status":"publish","type":"post","link":"https:\/\/eenergetica.com.ar\/index.php\/2022\/01\/31\/katopodis-reconocio-que-existen-tensiones-y-matices-en-el-frente-de-todos-en-torno-al-acuerdo-con-el-fmi\/","title":{"rendered":"KATOPODIS RECONOCI\u00d3 QUE EXISTEN &#8220;TENSIONES Y MATICES&#8221; EN EL FRENTE DE TODOS EN TORNO AL ACUERDO CON EL FMI"},"content":{"rendered":"\n<p><strong>El ministro de Obras P\u00fablicas, Gabriel Katopodis, admiti\u00f3 hoy que existen &#8220;tensiones y matices&#8221; en el Frente de Todos respecto a la valoraci\u00f3n del acuerdo del Gobierno con el Fondo Monetario Internacional (FMI) por la refinanciaci\u00f3n de la deuda con ese organismo.<\/strong><\/p>\n\n\n\n<p>&nbsp; &nbsp;Estas expresiones del miembro del Gabinete nacional ocurren en medio del silencio de la vicepresidenta Cristina Kirchner, de La C\u00e1mpora y de los sectores del kirchnerismo duro en torno al convenio alcanzado por el ministro de Econom\u00eda, Mart\u00edn Guzm\u00e1n, con las autoridades del FMI para la reestructuraci\u00f3n de la deuda por 44.500 millones de d\u00f3lares.<\/p>\n\n\n\n<p>&nbsp;&nbsp; En declaraciones radiales, el funcionario aclar\u00f3 que pese a haber &#8220;distintas miradas&#8221; en la coalici\u00f3n oficialista prevalece un criterio de unidad en la &#8220;direccionalidad del rumbo&#8221;.<\/p>\n\n\n\n<p>&nbsp;&nbsp; Katopodis consider\u00f3 que &#8220;el d\u00eda que no est\u00e9n esas diferencias y matices seguramente no haya m\u00e1s frente&#8221; y asegur\u00f3 que las discrepancias internas son &#8220;una fortaleza&#8221; de la alianza oficialista.<\/p>\n\n\n\n<p>&nbsp;&nbsp; No obstante, el ministro se mostr\u00f3 confiado en que finalmente todos los sectores de la coalici\u00f3n terminar\u00e1n cerrando filas en apoyo al acuerdo con el organismo multilateral de cr\u00e9dito.<\/p>\n\n\n\n<p>&nbsp;&nbsp; En ese sentido, dijo que van a trabajar &#8220;para que toda la coalici\u00f3n pueda explicar lo que significa el acuerdo y dar una discusi\u00f3n m\u00e1s clara y articulada, vinculada con la militancia para dar los pasos que hay que dar como pa\u00eds&#8221;.<\/p>\n\n\n\n<p>&nbsp;&nbsp; En este sentido, plante\u00f3 que &#8220;al acuerdo ahora hay que ponerle pol\u00edtica&#8221; para que &#8220;la gente vea que el Gobierno patea para su lado&#8221;.<\/p>\n\n\n\n<p>&nbsp;&nbsp; Para el ex intendente de San Mart\u00edn, el Gobierno dio &#8220;un paso razonable&#8221; al cerrar el acuerdo con el FMI,&nbsp; y que el convenio &#8220;va a ser bueno si es bueno para la gente&#8221;.<\/p>\n\n\n\n<p>&nbsp;&nbsp; En l\u00ednea con el relato oficialista, Katopodis destac\u00f3 que el acuerdo con el Fondo es compatible con la &#8220;reactivaci\u00f3n&#8221; econ\u00f3mica del pa\u00eds.<\/p>\n\n\n\n<p>&nbsp;&nbsp; &#8220;Todos los ministros tienen que hacer todo el esfuerzo en que esas mejoras se puedan palpar en la vida de cada familia&#8221;, subray\u00f3.<\/p>\n\n\n\n<p>&nbsp;&nbsp; El acuerdo con el FMI implica un nuevo pr\u00e9stamo stand by para el pago de los vencimientos m\u00e1s inmediatos, a cambio de un programa econ\u00f3mico que incluye un sendero de convergencia al d\u00e9ficit cero en un plazo de tres a\u00f1os, adem\u00e1s de la eliminaci\u00f3n de la emisi\u00f3n monetaria.<\/p>\n\n\n\n<p>&nbsp;&nbsp; Algunos integrantes del Frente de Todos, como el director del Banco Naci\u00f3n Claudio Lozano, y Amado Boudou, Fernanda Vallejos y Alicia Castro de la agrupaci\u00f3n kirchnerista Soberanxs ya adelantaron su rechazo al acuerdo al considerar que se trata de una &#8220;cesi\u00f3n de soberan\u00eda&#8221; al FMI, adem\u00e1s de un plan de ajuste gradual que deber\u00e1 pagar el pueblo.<\/p>\n","protected":false},"excerpt":{"rendered":"<p>El ministro de Obras P\u00fablicas, Gabriel Katopodis, admiti\u00f3 hoy que existen &#8220;tensiones y matices&#8221; en el Frente de Todos respecto a la valoraci\u00f3n del acuerdo del Gobierno con el Fondo&hellip; <\/p>\n","protected":false},"author":2,"featured_media":9456,"comment_status":"closed","ping_status":"open","sticky":false,"template":"","format":"standard","meta":{"footnotes":""},"categories":[20],"tags":[],"class_list":["post-9455","post","type-post","status-publish","format-standard","has-post-thumbnail","hentry","category-politica"],"_links":{"self":[{"href":"https:\/\/eenergetica.com.ar\/index.php\/wp-json\/wp\/v2\/posts\/9455","targetHints":{"allow":["GET"]}}],"collection":[{"href":"https:\/\/eenergetica.com.ar\/index.php\/wp-json\/wp\/v2\/posts"}],"about":[{"href":"https:\/\/eenergetica.com.ar\/index.php\/wp-json\/wp\/v2\/types\/post"}],"author":[{"embeddable":true,"href":"https:\/\/eenergetica.com.ar\/index.php\/wp-json\/wp\/v2\/users\/2"}],"replies":[{"embeddable":true,"href":"https:\/\/eenergetica.com.ar\/index.php\/wp-json\/wp\/v2\/comments?post=9455"}],"version-history":[{"count":1,"href":"https:\/\/eenergetica.com.ar\/index.php\/wp-json\/wp\/v2\/posts\/9455\/revisions"}],"predecessor-version":[{"id":9457,"href":"https:\/\/eenergetica.com.ar\/index.php\/wp-json\/wp\/v2\/posts\/9455\/revisions\/9457"}],"wp:featuredmedia":[{"embeddable":true,"href":"https:\/\/eenergetica.com.ar\/index.php\/wp-json\/wp\/v2\/media\/9456"}],"wp:attachment":[{"href":"https:\/\/eenergetica.com.ar\/index.php\/wp-json\/wp\/v2\/media?parent=9455"}],"wp:term":[{"taxonomy":"category","embeddable":true,"href":"https:\/\/eenergetica.com.ar\/index.php\/wp-json\/wp\/v2\/categories?post=9455"},{"taxonomy":"post_tag","embeddable":true,"href":"https:\/\/eenergetica.com.ar\/index.php\/wp-json\/wp\/v2\/tags?post=9455"}],"curies":[{"name":"wp","href":"https:\/\/api.w.org\/{rel}","templated":true}]}}