{"id":9230,"date":"2022-01-24T10:55:12","date_gmt":"2022-01-24T13:55:12","guid":{"rendered":"http:\/\/eenergetica.com.ar\/?p=9230"},"modified":"2022-01-24T10:55:13","modified_gmt":"2022-01-24T13:55:13","slug":"lammens-destaco-el-exito-rotundo-del-plan-previaje-y-resalto-que-es-elogiado-hasta-por-la-oposicion-y-el-sector-privado","status":"publish","type":"post","link":"https:\/\/eenergetica.com.ar\/index.php\/2022\/01\/24\/lammens-destaco-el-exito-rotundo-del-plan-previaje-y-resalto-que-es-elogiado-hasta-por-la-oposicion-y-el-sector-privado\/","title":{"rendered":"LAMMENS DESTAC\u00d3 EL &#8220;\u00c9XITO ROTUNDO&#8221; DEL PLAN PREVIAJE Y RESALT\u00d3 QUE ES ELOGIADO HASTA POR &#8220;LA OPOSICI\u00d3N Y EL SECTOR PRIVADO&#8221;"},"content":{"rendered":"\n<p><strong>El ministro de Turismo y Deportes, Mat\u00edas Lammens, consider\u00f3 que el programa Previaje demostr\u00f3 que es &#8220;un \u00e9xito rotundo&#8221; y destac\u00f3 que es &#8220;reconocido&#8221; hasta por gobernadores y legisladores de la oposici\u00f3n y el sector privado &#8220;en su conjunto&#8221;.<\/strong><\/p>\n\n\n\n<p>&#8220;Es reconocido por gobernadores opositores, por legisladores de la oposici\u00f3n tambi\u00e9n, el sector privado en su conjunto, casi por unanimidad&#8221;, celebr\u00f3 el funcionario.<\/p>\n\n\n\n<p>En di\u00e1logo con &#8220;Lado P&#8221;, el programa que conducen Eduardo Paladini, Elizabeth Peger y Sergio Danishewsky por Radio Rivadavia, el ministro explic\u00f3 que el m\u00e9rito de este programa de preventa tur\u00edstica, que consiste en el reintegro del 50% del valor de los gastos anticipados del viaje (paquetes, a\u00e9reos, hoteler\u00eda y alquiler de veh\u00edculos, entre otros rubros) fue &#8220;salir de la l\u00f3gica del subsidio cl\u00e1sico&#8221; para poner el eje en la reactivaci\u00f3n del trabajo.<\/p>\n\n\n\n<p>&#8220;El que tiene una pyme, una agencia de viaje, un restaurante, un hotel, agradece IFE y el ATP o cualquier tipo de subsidios pero quiere trabajar&#8221;, enfatiz\u00f3.&nbsp;.<\/p>\n\n\n\n<p>&#8220;Fue absolutamente revolucionario y lo copian otros pa\u00edses del mundo porque esto fue poner a la empresas a trabajar en medio de la pandemia, a los hoteles a tomar reservas, a las agencias de viajes a vender pasajes, a los restaurantes a la ocupaci\u00f3n plena&#8221;, subray\u00f3.<\/p>\n\n\n\n<p>Lammens aclar\u00f3 que el Estado logr\u00f3 recuperar ocho de cada diez pesos invertidos en el programa a partir de los&nbsp;&#8220;impuestos directos e indirectos&#8221;.<br>&#8220;Las pol\u00edticas p\u00fablicas en las cuales hay consenso mayoritario, las tenemos que abrazar y cuidar&#8221;, sostuvo el funcionario, quien lament\u00f3 que &#8220;algunos por una cuesti\u00f3n pol\u00edtica o personal terminan atacando un programa exitoso desde todo punto de vista&#8221;.<\/p>\n\n\n\n<p>&#8220;Es un programa que tendr\u00edamos que tratar de abrazar. Cuando las pol\u00edticas p\u00fablicas funcionan no tienen color pol\u00edtico&#8221;, a\u00f1adi\u00f3.<br>Consultado sobre si el programa se repetir\u00e1 luego de las exitosas ediciones 2020 y 2021 -que se pensaron para reactivar la industria tur\u00edstica en medio del parate que signific\u00f3 la irrupci\u00f3n de la pandemia de Covid-19-, Lammens&nbsp;explic\u00f3 que &#8220;el futuro de Previaje ser\u00e1 algo menos universal y m\u00e1s focalizado&#8221;, tal vez para la temporada baja o para destinos emergentes.<\/p>\n\n\n\n<p>Por otra parte, el jefe de la cartera de Turismo y Deportes destac\u00f3 que se est\u00e1&nbsp;&#8220;trabajando para fomentar el turismo receptivo una vez que demos vuelta la p\u00e1gina de pandemia&#8221;.<\/p>\n\n\n\n<p>&#8220;Para este momento de la Argentina, donde necesitamos d\u00f3lares y generar trabajo, el turismo es clave&#8221;, finaliz\u00f3.<\/p>\n","protected":false},"excerpt":{"rendered":"<p>El ministro de Turismo y Deportes, Mat\u00edas Lammens, consider\u00f3 que el programa Previaje demostr\u00f3 que es &#8220;un \u00e9xito rotundo&#8221; y destac\u00f3 que es &#8220;reconocido&#8221; hasta por gobernadores y legisladores de&hellip; <\/p>\n","protected":false},"author":2,"featured_media":9231,"comment_status":"closed","ping_status":"open","sticky":false,"template":"","format":"standard","meta":{"footnotes":""},"categories":[24],"tags":[26],"class_list":["post-9230","post","type-post","status-publish","format-standard","has-post-thumbnail","hentry","category-provincia","tag-destacada"],"_links":{"self":[{"href":"https:\/\/eenergetica.com.ar\/index.php\/wp-json\/wp\/v2\/posts\/9230","targetHints":{"allow":["GET"]}}],"collection":[{"href":"https:\/\/eenergetica.com.ar\/index.php\/wp-json\/wp\/v2\/posts"}],"about":[{"href":"https:\/\/eenergetica.com.ar\/index.php\/wp-json\/wp\/v2\/types\/post"}],"author":[{"embeddable":true,"href":"https:\/\/eenergetica.com.ar\/index.php\/wp-json\/wp\/v2\/users\/2"}],"replies":[{"embeddable":true,"href":"https:\/\/eenergetica.com.ar\/index.php\/wp-json\/wp\/v2\/comments?post=9230"}],"version-history":[{"count":1,"href":"https:\/\/eenergetica.com.ar\/index.php\/wp-json\/wp\/v2\/posts\/9230\/revisions"}],"predecessor-version":[{"id":9232,"href":"https:\/\/eenergetica.com.ar\/index.php\/wp-json\/wp\/v2\/posts\/9230\/revisions\/9232"}],"wp:featuredmedia":[{"embeddable":true,"href":"https:\/\/eenergetica.com.ar\/index.php\/wp-json\/wp\/v2\/media\/9231"}],"wp:attachment":[{"href":"https:\/\/eenergetica.com.ar\/index.php\/wp-json\/wp\/v2\/media?parent=9230"}],"wp:term":[{"taxonomy":"category","embeddable":true,"href":"https:\/\/eenergetica.com.ar\/index.php\/wp-json\/wp\/v2\/categories?post=9230"},{"taxonomy":"post_tag","embeddable":true,"href":"https:\/\/eenergetica.com.ar\/index.php\/wp-json\/wp\/v2\/tags?post=9230"}],"curies":[{"name":"wp","href":"https:\/\/api.w.org\/{rel}","templated":true}]}}