{"id":9129,"date":"2022-01-21T10:50:06","date_gmt":"2022-01-21T13:50:06","guid":{"rendered":"http:\/\/eenergetica.com.ar\/?p=9129"},"modified":"2022-01-21T10:50:06","modified_gmt":"2022-01-21T13:50:06","slug":"macri-recibio-a-legisladores-provinciales-del-pro-en-villa-la-angostura-con-la-mirada-puesta-en-2023","status":"publish","type":"post","link":"https:\/\/eenergetica.com.ar\/index.php\/2022\/01\/21\/macri-recibio-a-legisladores-provinciales-del-pro-en-villa-la-angostura-con-la-mirada-puesta-en-2023\/","title":{"rendered":"MACRI RECIBI\u00d3 A LEGISLADORES PROVINCIALES DEL PRO EN VILLA LA ANGOSTURA, CON LA MIRADA PUESTA EN 2023"},"content":{"rendered":"\n<p><strong>El expresidente Mauricio Macri se reuni\u00f3 en Villa La Angostura con legisladores del PRO con la mirada puesta en las elecciones de 2023.<\/strong><\/p>\n\n\n\n<p>&nbsp; &nbsp;El exmandatario recibi\u00f3 en el Country Club Cumel\u00e9n a representantes del Foro Federal de Legisladores del PRO, con quienes analiz\u00f3 el a\u00f1o legislativo por delante y las perspectivas distritales de cara a los comicios ejecutivos del a\u00f1o pr\u00f3ximo.<\/p>\n\n\n\n<p>&nbsp;&nbsp; Durante la reuni\u00f3n, Macri manifest\u00f3 preocupaci\u00f3n por la actualidad del pa\u00eds y los problemas que ata\u00f1an a los argentinos, al tiempo que hizo \u00e9nfasis en&nbsp;&#8220;trabajar en equipo&#8221;.&nbsp;.<\/p>\n\n\n\n<p>&nbsp;&nbsp; La diputada neuquina Leticia Esteves ofici\u00f3 como anfitriona de la reuni\u00f3n y en&nbsp;declaraciones a la prensa cont\u00f3 qu\u00e9 dijo el l\u00edder del PRO durante el encuentro: &#8220;Habl\u00f3 de la realidad del pa\u00eds y el inmenso desaf\u00edo que tenemos por delante todos los que formamos parte de este espacio&#8221;.<\/p>\n\n\n\n<p>&nbsp;&nbsp; Adem\u00e1s, la legisladora afirm\u00f3: &#8220;Tenemos la mirada puesta no s\u00f3lo en la gesti\u00f3n de cada uno a nivel legislativo hoy, sino tambi\u00e9n en 2023. Debemos pensar con mucha humildad en los problemas que tienen los argentinos y trabajar fuertemente en c\u00f3mo solucionarlos&#8221;.<\/p>\n\n\n\n<p>&nbsp;&nbsp; Desde sus redes sociales, el diputado bonaerense Alex Campbell comparti\u00f3 im\u00e1genes junto al exmandatario distendido, vistiendo jogging y zapatillas:&nbsp;&#8220;Gran reuni\u00f3n junto a @mauriciomacri y las autoridades del Foro Federal de Legisladores #PRO, donde conversamos sobre la realidad de cada provincia. Es fundamental trabajar en equipo para poder seguir creciendo a lo largo y ancho del pa\u00eds&#8221;.<\/p>\n\n\n\n<p>&nbsp;&nbsp; Tambi\u00e9n participaron de la reuni\u00f3n otros legisladores provinciales como el entrerriano Esteban Vitor; los pampeanos Mart\u00edn Ardohain, Laura Trapaglia y Eduardo Pepa; el rionegrino Juan Mart\u00edn; el sanluise\u00f1o Carlos Pereyra; y el mendocino Gustavo Cairo.<\/p>\n\n\n\n<p>&nbsp;&nbsp; Mart\u00edn public\u00f3 desde su cuenta de Twitter una foto junto a Macri y escribi\u00f3: &#8220;Siempre es enriquecedor escuchar a alguien con su experiencia y da mucha motivaci\u00f3n verlo comprometido para seguir defendiendo a los argentinos y a la Rep\u00fablica&#8221;.<\/p>\n","protected":false},"excerpt":{"rendered":"<p>El expresidente Mauricio Macri se reuni\u00f3 en Villa La Angostura con legisladores del PRO con la mirada puesta en las elecciones de 2023. &nbsp; &nbsp;El exmandatario recibi\u00f3 en el Country&hellip; <\/p>\n","protected":false},"author":2,"featured_media":9130,"comment_status":"closed","ping_status":"open","sticky":false,"template":"","format":"standard","meta":{"footnotes":""},"categories":[20],"tags":[],"class_list":["post-9129","post","type-post","status-publish","format-standard","has-post-thumbnail","hentry","category-politica"],"_links":{"self":[{"href":"https:\/\/eenergetica.com.ar\/index.php\/wp-json\/wp\/v2\/posts\/9129","targetHints":{"allow":["GET"]}}],"collection":[{"href":"https:\/\/eenergetica.com.ar\/index.php\/wp-json\/wp\/v2\/posts"}],"about":[{"href":"https:\/\/eenergetica.com.ar\/index.php\/wp-json\/wp\/v2\/types\/post"}],"author":[{"embeddable":true,"href":"https:\/\/eenergetica.com.ar\/index.php\/wp-json\/wp\/v2\/users\/2"}],"replies":[{"embeddable":true,"href":"https:\/\/eenergetica.com.ar\/index.php\/wp-json\/wp\/v2\/comments?post=9129"}],"version-history":[{"count":1,"href":"https:\/\/eenergetica.com.ar\/index.php\/wp-json\/wp\/v2\/posts\/9129\/revisions"}],"predecessor-version":[{"id":9131,"href":"https:\/\/eenergetica.com.ar\/index.php\/wp-json\/wp\/v2\/posts\/9129\/revisions\/9131"}],"wp:featuredmedia":[{"embeddable":true,"href":"https:\/\/eenergetica.com.ar\/index.php\/wp-json\/wp\/v2\/media\/9130"}],"wp:attachment":[{"href":"https:\/\/eenergetica.com.ar\/index.php\/wp-json\/wp\/v2\/media?parent=9129"}],"wp:term":[{"taxonomy":"category","embeddable":true,"href":"https:\/\/eenergetica.com.ar\/index.php\/wp-json\/wp\/v2\/categories?post=9129"},{"taxonomy":"post_tag","embeddable":true,"href":"https:\/\/eenergetica.com.ar\/index.php\/wp-json\/wp\/v2\/tags?post=9129"}],"curies":[{"name":"wp","href":"https:\/\/api.w.org\/{rel}","templated":true}]}}