{"id":9058,"date":"2022-01-19T10:01:37","date_gmt":"2022-01-19T13:01:37","guid":{"rendered":"http:\/\/eenergetica.com.ar\/?p=9058"},"modified":"2022-01-19T10:01:38","modified_gmt":"2022-01-19T13:01:38","slug":"peretta-reclamo-a-la-anmat-que-autorice-mas-marcas-de-autotest-para-bajar-el-costo-y-que-haya-mas-oferta","status":"publish","type":"post","link":"https:\/\/eenergetica.com.ar\/index.php\/2022\/01\/19\/peretta-reclamo-a-la-anmat-que-autorice-mas-marcas-de-autotest-para-bajar-el-costo-y-que-haya-mas-oferta\/","title":{"rendered":"PERETTA RECLAM\u00d3 A LA ANMAT QUE AUTORICE M\u00c1S MARCAS DE AUTOTEST PARA &#8220;BAJAR EL COSTO Y QUE HAYA M\u00c1S OFERTA&#8221;"},"content":{"rendered":"\n<p><strong>El secretario general del Sindicato Argentino de Farmac\u00e9uticos y Bioqu\u00edmicos, Marcelo Peretta, destac\u00f3 hoy la implementaci\u00f3n de los autotest para detectar Covid-19 y afirm\u00f3 que &#8220;descentralizan el sistema de salud&#8221;, a la vez que pidi\u00f3 a la ANMAT que autorice m\u00e1s marcas para &#8220;bajar el costo y que haya m\u00e1s oferta&#8221;.<\/strong><\/p>\n\n\n\n<p>&nbsp; &nbsp;&#8220;Recomendamos que la primera vez lo haga el farmac\u00e9utico. La farmacia tiene que dejar de ser un lugar donde la gente va, compra remedios y se va: tiene que recibir servicios de salud, como vacunarse, controlarse la presi\u00f3n y donde le explique c\u00f3mo hacerse un autotest&#8221;, sostuvo el referente sectorial.<\/p>\n\n\n\n<p>&nbsp;&nbsp; En di\u00e1logo con Esta Ma\u00f1ana, el programa que en esta jornada condujo Amelia Troisi en Radio Rivadavia, el dirigente sindical destac\u00f3 la pronta implementaci\u00f3n de los autotest, que saldr\u00e1n a la venta este jueves, y afirm\u00f3 que &#8220;esto es importante y no es peligroso, porque descentraliza el sistema de salud, no te obliga a hacer siete horas de cola al rayo del sol en los centros de testeo cuando te lo pod\u00e9s hacer en la farmacia, como tambi\u00e9n se podr\u00eda hacer con la vacuna&#8221;.<\/p>\n\n\n\n<p>&nbsp;&nbsp; &#8220;Hay que usarlos racionalmente, hay que leer las instrucciones y guiar a la gente&#8221;, se\u00f1al\u00f3 Peretta, quien adem\u00e1s pidi\u00f3 que la Administraci\u00f3n Nacional de Medicamentos, Alimentos y Tecnolog\u00eda M\u00e9dica (ANMAT) apruebe todas las marcas &#8220;porque as\u00ed bajar\u00eda el costo y habr\u00eda m\u00e1s oferta&#8221; de autotest.<\/p>\n\n\n\n<p>&nbsp;&nbsp; Asimismo, el secretario general del Sindicato Argentino de Farmac\u00e9uticos y Bioqu\u00edmicos tambi\u00e9n plante\u00f3 que &#8220;las obras sociales cubran una parte del producto para que no sea tan oneroso&#8221; para los pacientes.<\/p>\n\n\n\n<p>&nbsp;&nbsp; Finalmente, se quej\u00f3 de las cr\u00edticas que hizo el ministro de Salud bonaerense, Nicol\u00e1s Kreplak, a los autotest para detectar el virus Sars-Cov-2: &#8220;Peligroso es un funcionario totalitario como \u00e9l, que cree que solamente el Estado puede hacer las cosas&#8221;.<\/p>\n","protected":false},"excerpt":{"rendered":"<p>El secretario general del Sindicato Argentino de Farmac\u00e9uticos y Bioqu\u00edmicos, Marcelo Peretta, destac\u00f3 hoy la implementaci\u00f3n de los autotest para detectar Covid-19 y afirm\u00f3 que &#8220;descentralizan el sistema de salud&#8221;,&hellip; <\/p>\n","protected":false},"author":2,"featured_media":9059,"comment_status":"closed","ping_status":"open","sticky":false,"template":"","format":"standard","meta":{"footnotes":""},"categories":[21],"tags":[],"class_list":["post-9058","post","type-post","status-publish","format-standard","has-post-thumbnail","hentry","category-economia"],"_links":{"self":[{"href":"https:\/\/eenergetica.com.ar\/index.php\/wp-json\/wp\/v2\/posts\/9058","targetHints":{"allow":["GET"]}}],"collection":[{"href":"https:\/\/eenergetica.com.ar\/index.php\/wp-json\/wp\/v2\/posts"}],"about":[{"href":"https:\/\/eenergetica.com.ar\/index.php\/wp-json\/wp\/v2\/types\/post"}],"author":[{"embeddable":true,"href":"https:\/\/eenergetica.com.ar\/index.php\/wp-json\/wp\/v2\/users\/2"}],"replies":[{"embeddable":true,"href":"https:\/\/eenergetica.com.ar\/index.php\/wp-json\/wp\/v2\/comments?post=9058"}],"version-history":[{"count":1,"href":"https:\/\/eenergetica.com.ar\/index.php\/wp-json\/wp\/v2\/posts\/9058\/revisions"}],"predecessor-version":[{"id":9060,"href":"https:\/\/eenergetica.com.ar\/index.php\/wp-json\/wp\/v2\/posts\/9058\/revisions\/9060"}],"wp:featuredmedia":[{"embeddable":true,"href":"https:\/\/eenergetica.com.ar\/index.php\/wp-json\/wp\/v2\/media\/9059"}],"wp:attachment":[{"href":"https:\/\/eenergetica.com.ar\/index.php\/wp-json\/wp\/v2\/media?parent=9058"}],"wp:term":[{"taxonomy":"category","embeddable":true,"href":"https:\/\/eenergetica.com.ar\/index.php\/wp-json\/wp\/v2\/categories?post=9058"},{"taxonomy":"post_tag","embeddable":true,"href":"https:\/\/eenergetica.com.ar\/index.php\/wp-json\/wp\/v2\/tags?post=9058"}],"curies":[{"name":"wp","href":"https:\/\/api.w.org\/{rel}","templated":true}]}}