{"id":9018,"date":"2022-01-18T09:24:56","date_gmt":"2022-01-18T12:24:56","guid":{"rendered":"http:\/\/eenergetica.com.ar\/?p=9018"},"modified":"2022-01-18T09:24:57","modified_gmt":"2022-01-18T12:24:57","slug":"cornejo-el-gobierno-no-tiene-ningun-interes-en-dar-explicaciones-profundas-sobre-la-negociacion-con-el-fmi","status":"publish","type":"post","link":"https:\/\/eenergetica.com.ar\/index.php\/2022\/01\/18\/cornejo-el-gobierno-no-tiene-ningun-interes-en-dar-explicaciones-profundas-sobre-la-negociacion-con-el-fmi\/","title":{"rendered":"CORNEJO: &#8220;EL GOBIERNO NO TIENE NING\u00daN INTER\u00c9S EN DAR EXPLICACIONES PROFUNDAS SOBRE LA NEGOCIACI\u00d3N CON EL FMI&#8221;"},"content":{"rendered":"\n<p><strong>El senador nacional de Juntos por el Cambio Alfredo Cornejo se quej\u00f3 hoy por la suspensi\u00f3n de la reuni\u00f3n que iban a tener con el ministro de Econom\u00eda, Mart\u00edn Guzm\u00e1n, y afirm\u00f3 que el Gobierno &#8220;no tiene ning\u00fan inter\u00e9s en dar explicaciones profundas&#8221; sobre la negociaci\u00f3n con el Fondo Monetario Internacional y &#8220;se queda c\u00f3mo en relatar las dificultades&#8221;.<\/strong><\/p>\n\n\n\n<p>&nbsp; &nbsp;&#8220;El Gobierno no tiene ning\u00fan inter\u00e9s en dar explicaciones profundas sobre la negociaci\u00f3n con el Fondo y se queda c\u00f3mo en relatar las dificultades y echarle la culpa a los cuatro \u00faltimos a\u00f1os que no gobernaron&#8221;, sostuvo el referente radical.<\/p>\n\n\n\n<p>&nbsp; En declaraciones radiales, el ex gobernador de Mendoza indic\u00f3 que este mediod\u00eda habr\u00e1 una reuni\u00f3n de la Mesa Nacional de Juntos por el Cambio y subray\u00f3 que el Gobierno tiene &#8220;el relato de responsabilizar el fracaso por los cuatro \u00faltimos a\u00f1os&#8221;.<\/p>\n\n\n\n<p>&nbsp;&nbsp;&#8220;Gobernaron 14 de los \u00faltimos 18 a\u00f1os, pero han fijado el origen de los fracasos de la Argentina en esos cuatro que no gobernaron&#8221;, profundiz\u00f3.<br>&nbsp;&nbsp; Tras advertir que &#8220;hay un deterioro alto de la econom\u00eda, crecimiento de la pobreza, inflaci\u00f3n del 50% anual&#8221;, el cordillerano asegur\u00f3 que &#8220;hace dos a\u00f1os que han tenido oportunidad de cerrar el acuerdo con el Fondo, pero Guzm\u00e1n y (el presidente Alberto) Fern\u00e1ndez han ido prolongando esta negociaci\u00f3n indefinidamente&#8221;.<\/p>\n\n\n\n<p>&nbsp;&nbsp; &#8220;No hay ning\u00fan plan econ\u00f3mico. Se necesita un plan econ\u00f3mico para negociar con el FMI, pero tambi\u00e9n para gobernar a la Argentina&#8221;, se\u00f1al\u00f3.<br>&nbsp;&nbsp; Al referirse a la suspensi\u00f3n de la reuni\u00f3n que Juntos por el Cambio iba a tener con Guzm\u00e1n, el senador nacional reiter\u00f3 que el Gobierno &#8220;no quiere dar explicaciones superiores a las que dio el otro d\u00eda con los gobernadores, cuando fue bastante superficial, superflua&#8221;.<\/p>\n\n\n\n<p>&nbsp;&nbsp; Por otra parte, al ser consultado sobre la posibilidad de que se reunifique el radicalismo en la C\u00e1mara de Diputados, Cornejo respondi\u00f3: &#8220;Se est\u00e1 trabajando sobre eso. Esperamos que para marzo, abril podamos tenerlo resuelto. La divisi\u00f3n del bloque es lamentable, pero no ha habido divisi\u00f3n en c\u00f3mo pararse frente al Gobierno&#8221;.<\/p>\n","protected":false},"excerpt":{"rendered":"<p>El senador nacional de Juntos por el Cambio Alfredo Cornejo se quej\u00f3 hoy por la suspensi\u00f3n de la reuni\u00f3n que iban a tener con el ministro de Econom\u00eda, Mart\u00edn Guzm\u00e1n,&hellip; <\/p>\n","protected":false},"author":2,"featured_media":9019,"comment_status":"closed","ping_status":"open","sticky":false,"template":"","format":"standard","meta":{"footnotes":""},"categories":[20],"tags":[],"class_list":["post-9018","post","type-post","status-publish","format-standard","has-post-thumbnail","hentry","category-politica"],"_links":{"self":[{"href":"https:\/\/eenergetica.com.ar\/index.php\/wp-json\/wp\/v2\/posts\/9018","targetHints":{"allow":["GET"]}}],"collection":[{"href":"https:\/\/eenergetica.com.ar\/index.php\/wp-json\/wp\/v2\/posts"}],"about":[{"href":"https:\/\/eenergetica.com.ar\/index.php\/wp-json\/wp\/v2\/types\/post"}],"author":[{"embeddable":true,"href":"https:\/\/eenergetica.com.ar\/index.php\/wp-json\/wp\/v2\/users\/2"}],"replies":[{"embeddable":true,"href":"https:\/\/eenergetica.com.ar\/index.php\/wp-json\/wp\/v2\/comments?post=9018"}],"version-history":[{"count":1,"href":"https:\/\/eenergetica.com.ar\/index.php\/wp-json\/wp\/v2\/posts\/9018\/revisions"}],"predecessor-version":[{"id":9020,"href":"https:\/\/eenergetica.com.ar\/index.php\/wp-json\/wp\/v2\/posts\/9018\/revisions\/9020"}],"wp:featuredmedia":[{"embeddable":true,"href":"https:\/\/eenergetica.com.ar\/index.php\/wp-json\/wp\/v2\/media\/9019"}],"wp:attachment":[{"href":"https:\/\/eenergetica.com.ar\/index.php\/wp-json\/wp\/v2\/media?parent=9018"}],"wp:term":[{"taxonomy":"category","embeddable":true,"href":"https:\/\/eenergetica.com.ar\/index.php\/wp-json\/wp\/v2\/categories?post=9018"},{"taxonomy":"post_tag","embeddable":true,"href":"https:\/\/eenergetica.com.ar\/index.php\/wp-json\/wp\/v2\/tags?post=9018"}],"curies":[{"name":"wp","href":"https:\/\/api.w.org\/{rel}","templated":true}]}}