{"id":8411,"date":"2021-12-30T12:29:13","date_gmt":"2021-12-30T15:29:13","guid":{"rendered":"http:\/\/eenergetica.com.ar\/?p=8411"},"modified":"2021-12-30T12:29:14","modified_gmt":"2021-12-30T15:29:14","slug":"espert-pidio-una-rebelion-fiscal-y-santoro-salio-al-cruce-usted-ya-no-es-mas-un-comentarista","status":"publish","type":"post","link":"https:\/\/eenergetica.com.ar\/index.php\/2021\/12\/30\/espert-pidio-una-rebelion-fiscal-y-santoro-salio-al-cruce-usted-ya-no-es-mas-un-comentarista\/","title":{"rendered":"ESPERT PIDI\u00d3 UNA &#8220;REBELI\u00d3N FISCAL&#8221; Y SANTORO SALI\u00d3 AL CRUCE: &#8220;USTED YA NO ES M\u00c1S UN COMENTARISTA&#8221;"},"content":{"rendered":"\n<p><strong>La pol\u00e9mica sesi\u00f3n que concluy\u00f3 con la aprobaci\u00f3n de la Ley de Bienes Personales gener\u00f3 pol\u00e9mica y el reciente diputado liberal Jos\u00e9 Luis Espert comparti\u00f3, desde su cuenta de Twitter, el anuncio de que el oficialismo logr\u00f3 en la C\u00e1mara Alta los cambios en la misma y llam\u00f3 a una &#8220;rebeli\u00f3n fiscal&#8221; a trav\u00e9s de un hashtag, mientras que su par oficialista Leandro Santoro sali\u00f3 al cruce.<\/strong><\/p>\n\n\n\n<p>&nbsp; &nbsp;&#8220;\u00bfRebeli\u00f3n fiscal? Se\u00f1or, usted ya no es m\u00e1s un comentarista, es un diputado nacional y el parlamento acaba de sancionar una ley leg\u00edtimamente&#8221;, respondi\u00f3 Santoro, a la vez que agreg\u00f3: &#8220;A usted puede no gustarle, incluso parecerle injusta, pero si est\u00e1 dentro del sistema democr\u00e1tico debe respetar las reglas de juego&#8221;.<\/p>\n\n\n\n<p>&nbsp;&nbsp; Lejos de evitar el debate, Espert replic\u00f3: &#8220;Soy diputado de la Naci\u00f3n, SERVIDOR del pueblo argentino que est\u00e1 reventado de pagar impuestos y asqueado de c\u00f3mo ustedes malgastan esa plata. S\u00ed, lo ratifico, basta de m\u00e1s impuestos, basta de esta nueva esclavitud que gente como vos ha inventado: la esclavitud impositiva&#8221;.<\/p>\n\n\n\n<p>&nbsp;&nbsp; Por su parte, el dirigente kirchnerista le pidi\u00f3 a su par que se retractase y respondi\u00f3: &#8220;Usted tiene todo el derecho a pedir que se bajen todos los impuestos. Pero si participa de una votaci\u00f3n y pierde no puede desconocer su validez. Note que lo trato con respeto, no discuto sus razones y no le recuerdo porque motivo se aprob\u00f3 en el Congreso. Retractarse es de buena persona&#8221;.<\/p>\n\n\n\n<p>&nbsp;&nbsp; Fiel a su estilo chicanero, Espert concluy\u00f3 el debate con unas simples l\u00edneas y saludos ir\u00f3nicos por la \u00e9poca festiva. &#8220;No me retracto de nada. Feliz fin de a\u00f1o y mis mejores deseos para 2022 para vos y los tuyos!&#8221;, escribi\u00f3.<\/p>\n\n\n\n<p>&nbsp;&nbsp; Desde el bloque del Frente de Todos aseguraron que en la pr\u00f3xima sesi\u00f3n pedir\u00e1n sanci\u00f3n para el diputado de La Libertad Avanza por llamar a incumplir una ley votada en el Congreso.<\/p>\n\n\n\n<p>&nbsp;&nbsp; &#8220;Sanci\u00f3nenme con lo que sea. \u00c9chenme de la C\u00e1mara si quieren tambi\u00e9n. Lo que pienso no cambia por ser diputado o lo que sea. La gente, los que trabajan y se esfuerzan a diario no dan m\u00e1s de pagar impuestos. Todo tiene su l\u00edmite y yo, como diputado, me debo a ellos&#8221;, contest\u00f3 Espert junto a una foto en la que se lo ve brindando con su pareja.<\/p>\n\n\n\n<p>&nbsp;&nbsp; Su compa\u00f1era de bloque, la diputada Carolina P\u00edparo respald\u00f3 los dichos del liberal, al igual que los miembros de la C\u00e1mara Baja Javier Milei y Victoria Villaruel.<\/p>\n\n\n\n<p>&nbsp;&nbsp; &#8220;Los que quieren sancionar a Espert por las palabras #RebelionFiscal son los mismos que hacen leyes para condonar deudas impositivas millonarias a los amigos&#8230; Dejen de hacer un papel tan pat\u00e9tico!&#8221;, tuite\u00f3 P\u00edparo.<\/p>\n","protected":false},"excerpt":{"rendered":"<p>La pol\u00e9mica sesi\u00f3n que concluy\u00f3 con la aprobaci\u00f3n de la Ley de Bienes Personales gener\u00f3 pol\u00e9mica y el reciente diputado liberal Jos\u00e9 Luis Espert comparti\u00f3, desde su cuenta de Twitter,&hellip; <\/p>\n","protected":false},"author":2,"featured_media":8412,"comment_status":"closed","ping_status":"open","sticky":false,"template":"","format":"standard","meta":{"footnotes":""},"categories":[20],"tags":[],"class_list":["post-8411","post","type-post","status-publish","format-standard","has-post-thumbnail","hentry","category-politica"],"_links":{"self":[{"href":"https:\/\/eenergetica.com.ar\/index.php\/wp-json\/wp\/v2\/posts\/8411","targetHints":{"allow":["GET"]}}],"collection":[{"href":"https:\/\/eenergetica.com.ar\/index.php\/wp-json\/wp\/v2\/posts"}],"about":[{"href":"https:\/\/eenergetica.com.ar\/index.php\/wp-json\/wp\/v2\/types\/post"}],"author":[{"embeddable":true,"href":"https:\/\/eenergetica.com.ar\/index.php\/wp-json\/wp\/v2\/users\/2"}],"replies":[{"embeddable":true,"href":"https:\/\/eenergetica.com.ar\/index.php\/wp-json\/wp\/v2\/comments?post=8411"}],"version-history":[{"count":1,"href":"https:\/\/eenergetica.com.ar\/index.php\/wp-json\/wp\/v2\/posts\/8411\/revisions"}],"predecessor-version":[{"id":8413,"href":"https:\/\/eenergetica.com.ar\/index.php\/wp-json\/wp\/v2\/posts\/8411\/revisions\/8413"}],"wp:featuredmedia":[{"embeddable":true,"href":"https:\/\/eenergetica.com.ar\/index.php\/wp-json\/wp\/v2\/media\/8412"}],"wp:attachment":[{"href":"https:\/\/eenergetica.com.ar\/index.php\/wp-json\/wp\/v2\/media?parent=8411"}],"wp:term":[{"taxonomy":"category","embeddable":true,"href":"https:\/\/eenergetica.com.ar\/index.php\/wp-json\/wp\/v2\/categories?post=8411"},{"taxonomy":"post_tag","embeddable":true,"href":"https:\/\/eenergetica.com.ar\/index.php\/wp-json\/wp\/v2\/tags?post=8411"}],"curies":[{"name":"wp","href":"https:\/\/api.w.org\/{rel}","templated":true}]}}