{"id":8131,"date":"2021-12-19T13:16:21","date_gmt":"2021-12-19T16:16:21","guid":{"rendered":"http:\/\/eenergetica.com.ar\/?p=8131"},"modified":"2021-12-19T13:16:21","modified_gmt":"2021-12-19T16:16:21","slug":"alberto-fernandez-estamos-aqui-para-rendirle-tributo-a-las-victimas-de-la-violencia-institucional","status":"publish","type":"post","link":"https:\/\/eenergetica.com.ar\/index.php\/2021\/12\/19\/alberto-fernandez-estamos-aqui-para-rendirle-tributo-a-las-victimas-de-la-violencia-institucional\/","title":{"rendered":"ALBERTO FERN\u00c1NDEZ: &#8220;ESTAMOS AQU\u00cd PARA RENDIRLE TRIBUTO A LAS V\u00cdCTIMAS DE LA VIOLENCIA INSTITUCIONAL&#8221;"},"content":{"rendered":"\n<p><strong>El presidente Alberto Fern\u00e1ndez encabez\u00f3 este domingo un homenaje a v\u00edctimas de la represi\u00f3n de diciembre de 2001 y se\u00f1al\u00f3 que es un d\u00eda &#8220;triste de recuerdo y memoria&#8221; en el cual hay que &#8220;rendirle tributo a las v\u00edctimas de la violencia institucional&#8221;.<\/strong><\/p>\n\n\n\n<p>&nbsp; &nbsp;&#8220;Hoy es un d\u00eda triste de recuerdo y memoria. Estamos aqu\u00ed para rendirle tributo a las v\u00edctimas de la violencia institucional&#8221;, se\u00f1alo el mandatario en el acto que se llev\u00f3 a cabo en Casa Rosada con la presencia de familiares de los fallecidos, representantes de organismos de derechos humanos y el secretario de Derechos Humanos de la Naci\u00f3n, Horacio Pietragalla Corti..<\/p>\n\n\n\n<p>&nbsp;&nbsp; En el mismo, se le brind\u00f3 un homenaje a las v\u00edctimas de la represi\u00f3n de los d\u00edas 19 y 20 de diciembre de 2001 y Fern\u00e1ndez descubri\u00f3 una placa en memoria de las mismas y dijo: &#8220;Que los que ya no est\u00e1n sepan que sus nombres quedaron grabados en la memoria colectiva, que la vida que entregaron no ha sido en vano&#8221;.<\/p>\n\n\n\n<p>&nbsp;&nbsp; Adem\u00e1s el Presidente anunci\u00f3 el env\u00edo al Congreso de un Proyecto de ley que establece un beneficio reparatorio, en concepto de indemnizaci\u00f3n, con respecto a las personas que hubiesen fallecido o sufrido lesiones grav\u00edsimas como consecuencia de la citada represi\u00f3n.<\/p>\n\n\n\n<p>&nbsp;&nbsp; Fern\u00e1ndez hab\u00eda asumido el compromiso de elaborar dicho proyecto durante un encuentro que mantuvo en Casa Rosada el pasado primero de diciembre con un grupo de familiares que estuvieron en esa reuni\u00f3n: Marta Adelaida Almir\u00f3n y H\u00e9ctor Fernando Fiori, madre y hermano de Carlos Almir\u00f3n; Adriana Ochoa, prima de Gustavo Benedetto; Marta Pinedo, esposa de Alberto M\u00e1rquez, que asisti\u00f3 al encuentro junto a su hija Mar\u00eda Soledad Aguilera; y Mar\u00eda Arena, esposa de Gast\u00f3n Riva.<\/p>\n","protected":false},"excerpt":{"rendered":"<p>El presidente Alberto Fern\u00e1ndez encabez\u00f3 este domingo un homenaje a v\u00edctimas de la represi\u00f3n de diciembre de 2001 y se\u00f1al\u00f3 que es un d\u00eda &#8220;triste de recuerdo y memoria&#8221; en&hellip; <\/p>\n","protected":false},"author":2,"featured_media":8132,"comment_status":"closed","ping_status":"open","sticky":false,"template":"","format":"standard","meta":{"footnotes":""},"categories":[20],"tags":[],"class_list":["post-8131","post","type-post","status-publish","format-standard","has-post-thumbnail","hentry","category-politica"],"_links":{"self":[{"href":"https:\/\/eenergetica.com.ar\/index.php\/wp-json\/wp\/v2\/posts\/8131","targetHints":{"allow":["GET"]}}],"collection":[{"href":"https:\/\/eenergetica.com.ar\/index.php\/wp-json\/wp\/v2\/posts"}],"about":[{"href":"https:\/\/eenergetica.com.ar\/index.php\/wp-json\/wp\/v2\/types\/post"}],"author":[{"embeddable":true,"href":"https:\/\/eenergetica.com.ar\/index.php\/wp-json\/wp\/v2\/users\/2"}],"replies":[{"embeddable":true,"href":"https:\/\/eenergetica.com.ar\/index.php\/wp-json\/wp\/v2\/comments?post=8131"}],"version-history":[{"count":1,"href":"https:\/\/eenergetica.com.ar\/index.php\/wp-json\/wp\/v2\/posts\/8131\/revisions"}],"predecessor-version":[{"id":8133,"href":"https:\/\/eenergetica.com.ar\/index.php\/wp-json\/wp\/v2\/posts\/8131\/revisions\/8133"}],"wp:featuredmedia":[{"embeddable":true,"href":"https:\/\/eenergetica.com.ar\/index.php\/wp-json\/wp\/v2\/media\/8132"}],"wp:attachment":[{"href":"https:\/\/eenergetica.com.ar\/index.php\/wp-json\/wp\/v2\/media?parent=8131"}],"wp:term":[{"taxonomy":"category","embeddable":true,"href":"https:\/\/eenergetica.com.ar\/index.php\/wp-json\/wp\/v2\/categories?post=8131"},{"taxonomy":"post_tag","embeddable":true,"href":"https:\/\/eenergetica.com.ar\/index.php\/wp-json\/wp\/v2\/tags?post=8131"}],"curies":[{"name":"wp","href":"https:\/\/api.w.org\/{rel}","templated":true}]}}