{"id":8128,"date":"2021-12-19T13:13:24","date_gmt":"2021-12-19T16:13:24","guid":{"rendered":"http:\/\/eenergetica.com.ar\/?p=8128"},"modified":"2021-12-19T13:13:25","modified_gmt":"2021-12-19T16:13:25","slug":"massa-informo-las-consecuencias-en-el-calculo-de-recursos-para-las-provincias-que-generara-el-rechazo-del-presupuesto-2022","status":"publish","type":"post","link":"https:\/\/eenergetica.com.ar\/index.php\/2021\/12\/19\/massa-informo-las-consecuencias-en-el-calculo-de-recursos-para-las-provincias-que-generara-el-rechazo-del-presupuesto-2022\/","title":{"rendered":"MASSA INFORM\u00d3 &#8220;LAS CONSECUENCIAS EN EL C\u00c1LCULO DE RECURSOS PARA LAS PROVINCIAS&#8221; QUE GENERAR\u00c1 EL RECHAZO DEL PRESUPUESTO 2022"},"content":{"rendered":"\n<p><strong>El presidente de la C\u00e1mara de Diputados, Sergio Massa, le indic\u00f3 hoy a los gobernadores &#8220;las consecuencias en el c\u00e1lculo de recursos para las provincias&#8221; que se generar\u00e1 ante el &#8220;rechazo de la oposici\u00f3n&#8221; del Presupuesto 2022, a la vez que comparti\u00f3 el &#8220;Informe General&#8221; que ma\u00f1ana le enviar\u00e1 a los funcionarios provinciales.<\/strong><\/p>\n\n\n\n<p>&nbsp; &nbsp;&#8220;Como Presidente de Diputados y ante el rechazo por parte de la oposici\u00f3n del Presupuesto General de la Naci\u00f3n, es mi obligaci\u00f3n informar a los gobernadores y gobernadoras sobre las consecuencias en el c\u00e1lculo de recursos para las provincias&#8221;&#8221;, se\u00f1al\u00f3 a trav\u00e9s de su cuenta oficial de la red social Twitter.<\/p>\n\n\n\n<p>&nbsp;&nbsp; Asimismo a\u00f1adi\u00f3: &#8220;Son ellos y ellas quienes deber\u00e1n definir si rehacen sus presupuestos o si recortan gastos por la ca\u00edda de recursos para cada provincia. Comparto el Informe General y el lunes enviar\u00e9 a cada gobernador de manera individual el informe para que tomen la decisi\u00f3n correspondiente&#8221;.<\/p>\n\n\n\n<p>&nbsp;&nbsp; &#8220;A partir de la reconducci\u00f3n del Presupuesto 2021, que por DNU deber\u00e1 llevar adelante el PEN, entiendo que el Presidente deber\u00e1 convocar a cada gobernador para rehacer el c\u00e1lculo de recursos sobre los convenios de inversi\u00f3n p\u00fablica que se puedan llevar adelante en cada provincia&#8221;, culmin\u00f3.<\/p>\n\n\n\n<p>&nbsp;&nbsp; El informe de Massa que fue retuiteado por el presidente Alberto Fern\u00e1ndez manifiesta c\u00f3mo el rechazo al Presupuesto 2022, provocar\u00e1 &#8220;efectos negativos en relaci\u00f3n con la transferencia de recursos a las provincias, la Ciudad Aut\u00f3noma de Buenos Aires (CABA) y los municipios&#8221;, a la vez que remarc\u00f3:<\/p>\n\n\n\n<p>&#8220;Esta situaci\u00f3n llevar\u00eda a muchas provincias y legislaturas municipales a tener que revisar sus presupuestos para adecuar los recursos coparticipables que reciben mes a mes&#8221;.<\/p>\n\n\n\n<p>&nbsp;&nbsp; Seg\u00fan se indic\u00f3 en el documento, se prev\u00e9 que &#8220;por la reducci\u00f3n de fondos coparticipables perder\u00edan en total m\u00e1s de $180.000 millones&#8221;, monto que incluye una disminuci\u00f3n de la recaudaci\u00f3n por bienes personales de $76.312 millones y del impuesto a las ganancias de $104.254 millones a nivel nacional.<\/p>\n\n\n\n<p>&nbsp;&nbsp; El escrito se\u00f1ala que &#8220;el primer efecto negativo se verificar\u00e1 de manera directa en los recursos coparticipables del impuesto sobre los bienes personales, por el que al 30 de noviembre pasado el Gobierno nacional llevaba recaudados cerca de $246.000 millones&#8221;.<\/p>\n\n\n\n<p>&nbsp;&nbsp; &#8220;En diciembre de 2019, la mayor\u00eda oficialista en el Congreso sancion\u00f3 la ley de emergencia delegando en el Ejecutivo la potestad de aumentar hasta 100 % y hasta por dos ejercicios (2019 y 2020) las al\u00edcuotas del Impuesto a los Bienes Personales. Para la escala superior, de patrimonios personales superiores a $18 millones, la al\u00edcuota se elev\u00f3 de 1,25% a 2,25 por ciento&#8221;, a\u00f1adi\u00f3.<\/p>\n\n\n\n<p>&nbsp;&nbsp; En el documento se indic\u00f3 luego: &#8220;El proyecto de presupuesto contemplaba la pr\u00f3rroga de esta facultad delegada. Como el proyecto fue rechazado, la tasa m\u00e1xima del impuesto ser\u00e1 del 1,25% para el per\u00edodo fiscal 2021. Esto tendr\u00e1 un efecto inmediato sobre la masa coparticipable: $76.312 millones no se girar\u00e1n<\/p>\n\n\n\n<p>durante el 2022 a las Provincias y CABA por esta menor recaudaci\u00f3n&#8221;.<\/p>\n\n\n\n<p>&nbsp;&nbsp; En tanto, &#8220;el segundo impacto negativo a nivel tributario ser\u00e1 la reducci\u00f3n de la recaudaci\u00f3n en el impuesto a las ganancias dado que se comenzar\u00e1 a aplicar de manera `plena\u00b4 el ajuste por inflaci\u00f3n impositivo. Esto impactar\u00e1 en un efecto inmediato sobre la masa coparticipable: $104.254 millones no se girar\u00e1n durante el 2022 a las Provincias y CABA por esta menor recaudaci\u00f3n&#8221;.<\/p>\n\n\n\n<p>&nbsp;&nbsp; Adem\u00e1s se indic\u00f3: &#8220;Como se hab\u00eda consensuado una suba extra al `Fondo de Compensaci\u00f3n al Transporte P\u00fablico de Pasajeros por Automotor Urbano y Suburbano del Interior del Pa\u00eds\u00b4 de $27.000 millones a $46.000 millones, muchas provincias perder\u00edan cerca de $19.000 millones extras de subsidios al transporte&#8221;.<\/p>\n\n\n\n<p>&nbsp;&nbsp; Seg\u00fan se inform\u00f3, las provincias perder\u00e1n otros beneficios previstos en el proyecto, entre los que se destacan: &#8220;La posibilidad de establecer \u00c1reas Aduaneras especiales y ampliar las zonas francas existentes (esto genera una fuerte p\u00e9rdida de oportunidades para provincias como Misiones, Mendoza, Jujuy, Corrientes, Entre R\u00edos, Salta); el Plan plurianual de obras por un monto de $902.685 millones; el r\u00e9gimen de refinanciaci\u00f3n de deudas con Cammesa (que afecta directamente a las provincias de Chubut, Mendoza, Jujuy, Buenos Aires, Misiones, La Rioja, C\u00f3rdoba y Neuqu\u00e9n; y AMBA); y el cumplimiento de pago para los juicios ganados por las Provincias de Santa Fe y La Pampa&#8221;.<\/p>\n","protected":false},"excerpt":{"rendered":"<p>El presidente de la C\u00e1mara de Diputados, Sergio Massa, le indic\u00f3 hoy a los gobernadores &#8220;las consecuencias en el c\u00e1lculo de recursos para las provincias&#8221; que se generar\u00e1 ante el&hellip; <\/p>\n","protected":false},"author":2,"featured_media":8129,"comment_status":"closed","ping_status":"open","sticky":false,"template":"","format":"standard","meta":{"footnotes":""},"categories":[24],"tags":[],"class_list":["post-8128","post","type-post","status-publish","format-standard","has-post-thumbnail","hentry","category-provincia"],"_links":{"self":[{"href":"https:\/\/eenergetica.com.ar\/index.php\/wp-json\/wp\/v2\/posts\/8128","targetHints":{"allow":["GET"]}}],"collection":[{"href":"https:\/\/eenergetica.com.ar\/index.php\/wp-json\/wp\/v2\/posts"}],"about":[{"href":"https:\/\/eenergetica.com.ar\/index.php\/wp-json\/wp\/v2\/types\/post"}],"author":[{"embeddable":true,"href":"https:\/\/eenergetica.com.ar\/index.php\/wp-json\/wp\/v2\/users\/2"}],"replies":[{"embeddable":true,"href":"https:\/\/eenergetica.com.ar\/index.php\/wp-json\/wp\/v2\/comments?post=8128"}],"version-history":[{"count":1,"href":"https:\/\/eenergetica.com.ar\/index.php\/wp-json\/wp\/v2\/posts\/8128\/revisions"}],"predecessor-version":[{"id":8130,"href":"https:\/\/eenergetica.com.ar\/index.php\/wp-json\/wp\/v2\/posts\/8128\/revisions\/8130"}],"wp:featuredmedia":[{"embeddable":true,"href":"https:\/\/eenergetica.com.ar\/index.php\/wp-json\/wp\/v2\/media\/8129"}],"wp:attachment":[{"href":"https:\/\/eenergetica.com.ar\/index.php\/wp-json\/wp\/v2\/media?parent=8128"}],"wp:term":[{"taxonomy":"category","embeddable":true,"href":"https:\/\/eenergetica.com.ar\/index.php\/wp-json\/wp\/v2\/categories?post=8128"},{"taxonomy":"post_tag","embeddable":true,"href":"https:\/\/eenergetica.com.ar\/index.php\/wp-json\/wp\/v2\/tags?post=8128"}],"curies":[{"name":"wp","href":"https:\/\/api.w.org\/{rel}","templated":true}]}}