{"id":7800,"date":"2021-12-09T15:29:23","date_gmt":"2021-12-09T18:29:23","guid":{"rendered":"http:\/\/eenergetica.com.ar\/?p=7800"},"modified":"2021-12-09T15:29:23","modified_gmt":"2021-12-09T18:29:23","slug":"milagro-sala-desmintio-a-alberto-fernandez-hace-mas-de-un-ano-que-no-hablo-con-el-presidente","status":"publish","type":"post","link":"https:\/\/eenergetica.com.ar\/index.php\/2021\/12\/09\/milagro-sala-desmintio-a-alberto-fernandez-hace-mas-de-un-ano-que-no-hablo-con-el-presidente\/","title":{"rendered":"MILAGRO SALA DESMINTI\u00d3 A ALBERTO FERN\u00c1NDEZ: &#8220;HACE M\u00c1S DE UN A\u00d1O QUE NO HABLO CON EL PRESIDENTE&#8221;"},"content":{"rendered":"\n<p><strong>La l\u00edder de la agrupaci\u00f3n Tupac Amaru, Milagro Sala, le respondi\u00f3 hoy al presidente Alberto Fern\u00e1ndez y asegur\u00f3 que &#8220;hace m\u00e1s de un a\u00f1o&#8221; que no tienen di\u00e1logo.<\/strong><\/p>\n\n\n\n<p>&nbsp; &nbsp;&#8220;Sepan que hablo con Milagro, y pienso permanentemente en lo que le pasa&#8221;, hab\u00eda dicho el mandatario nacional este mi\u00e9rcoles, en el marco del acto en homenaje a las v\u00edctimas de la \u00faltima dictadura c\u00edvico militar.<\/p>\n\n\n\n<p>&nbsp;&nbsp; En declaraciones radiales, la dirigente social juje\u00f1a respondi\u00f3: &#8220;Dice que habla seguido conmigo, pero no. No es cierto que hable seguido conmigo. Hablo con algunos que est\u00e1n alrededor que preguntan por mis familiares, pero de mi situaci\u00f3n no se habla&#8221;.<\/p>\n\n\n\n<p>&nbsp;&nbsp; Al ser consultada por los motivos de la afirmaci\u00f3n del mandatario, afirm\u00f3: &#8220;Se habr\u00e1 puesto nervioso porque hubieron compa\u00f1eros que le reclamaban el pedido de libertad&#8221;.<\/p>\n\n\n\n<p>&nbsp;&nbsp; &#8220;Es contradictorio lo que le pasa al Presidente. Dice que no puede resolverlo, que debe hacerlo el gobierno de la provincia, pero a mi me meti\u00f3 presa la pol\u00edtica, y es la pol\u00edtica quien debe liberarme&#8221;, resalt\u00f3 Sala.<\/p>\n\n\n\n<p>&nbsp;&nbsp; A la vez, la l\u00edder social asegur\u00f3 que &#8220;no se puede confiar&#8221; en la Justicia de Jujuy, dado que -a su entender- est\u00e1 &#8220;cooptada por amigos y miembros de la UCR&#8221;.<\/p>\n\n\n\n<p>&nbsp;&nbsp; En la misma l\u00ednea, apunt\u00f3 contra el gobernador juje\u00f1o, Gerardo Morales, a quien calific\u00f3 como &#8220;el patoterismo en vivo en pol\u00edtica&#8221;.<\/p>\n\n\n\n<p>&nbsp;&nbsp; Por \u00faltimo, manifest\u00f3: &#8220;Esta situaci\u00f3n no da para m\u00e1s, siendo que Argentina es uno de los pa\u00edses en los que se habla much\u00edsimo en defensa de los derechos humanos. (Alberto Fern\u00e1ndez) Dijo que no puede soportar que esto pase, entonces es como que te contradec\u00eds porque por un lado dec\u00eds que no se puede soportar, pero por el otro lado ten\u00e9s presos pol\u00edticos&#8221;.<\/p>\n","protected":false},"excerpt":{"rendered":"<p>La l\u00edder de la agrupaci\u00f3n Tupac Amaru, Milagro Sala, le respondi\u00f3 hoy al presidente Alberto Fern\u00e1ndez y asegur\u00f3 que &#8220;hace m\u00e1s de un a\u00f1o&#8221; que no tienen di\u00e1logo. &nbsp; &nbsp;&#8220;Sepan&hellip; <\/p>\n","protected":false},"author":2,"featured_media":7801,"comment_status":"closed","ping_status":"open","sticky":false,"template":"","format":"standard","meta":{"footnotes":""},"categories":[20],"tags":[],"class_list":["post-7800","post","type-post","status-publish","format-standard","has-post-thumbnail","hentry","category-politica"],"_links":{"self":[{"href":"https:\/\/eenergetica.com.ar\/index.php\/wp-json\/wp\/v2\/posts\/7800","targetHints":{"allow":["GET"]}}],"collection":[{"href":"https:\/\/eenergetica.com.ar\/index.php\/wp-json\/wp\/v2\/posts"}],"about":[{"href":"https:\/\/eenergetica.com.ar\/index.php\/wp-json\/wp\/v2\/types\/post"}],"author":[{"embeddable":true,"href":"https:\/\/eenergetica.com.ar\/index.php\/wp-json\/wp\/v2\/users\/2"}],"replies":[{"embeddable":true,"href":"https:\/\/eenergetica.com.ar\/index.php\/wp-json\/wp\/v2\/comments?post=7800"}],"version-history":[{"count":1,"href":"https:\/\/eenergetica.com.ar\/index.php\/wp-json\/wp\/v2\/posts\/7800\/revisions"}],"predecessor-version":[{"id":7802,"href":"https:\/\/eenergetica.com.ar\/index.php\/wp-json\/wp\/v2\/posts\/7800\/revisions\/7802"}],"wp:featuredmedia":[{"embeddable":true,"href":"https:\/\/eenergetica.com.ar\/index.php\/wp-json\/wp\/v2\/media\/7801"}],"wp:attachment":[{"href":"https:\/\/eenergetica.com.ar\/index.php\/wp-json\/wp\/v2\/media?parent=7800"}],"wp:term":[{"taxonomy":"category","embeddable":true,"href":"https:\/\/eenergetica.com.ar\/index.php\/wp-json\/wp\/v2\/categories?post=7800"},{"taxonomy":"post_tag","embeddable":true,"href":"https:\/\/eenergetica.com.ar\/index.php\/wp-json\/wp\/v2\/tags?post=7800"}],"curies":[{"name":"wp","href":"https:\/\/api.w.org\/{rel}","templated":true}]}}