{"id":7490,"date":"2021-11-28T23:18:18","date_gmt":"2021-11-29T02:18:18","guid":{"rendered":"http:\/\/eenergetica.com.ar\/?p=7490"},"modified":"2021-11-28T23:18:18","modified_gmt":"2021-11-29T02:18:18","slug":"economista-advierte-que-el-bcra-se-quedo-sin-poder-de-fuego","status":"publish","type":"post","link":"https:\/\/eenergetica.com.ar\/index.php\/2021\/11\/28\/economista-advierte-que-el-bcra-se-quedo-sin-poder-de-fuego\/","title":{"rendered":"ECONOMISTA ADVIERTE QUE EL BCRA &#8220;SE QUED\u00d3 SIN PODER DE FUEGO&#8221;"},"content":{"rendered":"\n<p><strong>El BCRA se qued\u00f3 &#8220;sin poder de fuego&#8221; para hacer frente a un intento de corrida cambiaria, porque las reservas de libre disponibilidad son negativas en casi USD 2.000 millones, advirti\u00f3 la economista Natalia Motyl.<\/strong><\/p>\n\n\n\n<p>&nbsp; &nbsp;Dijo que las reservas netas est\u00e1n &#8220;cerca de los USD 5.650 millones, y las de r\u00e1pida disponibilidad, sacando el oro y DEGs, en USD 1.905 millones negativas&#8221;.<\/p>\n\n\n\n<p>&nbsp;&nbsp; Se\u00f1al\u00f3 que &#8220;renegociar con el Fondo Monetario es condici\u00f3n necesaria para comenzar un 2022 sin una fuerte crisis&#8221;.<\/p>\n\n\n\n<p>&nbsp;&nbsp; Sin embargo, advirti\u00f3 que &#8220;no es suficiente para arreglar todos los problemas que deben afrontarse&#8221;.<\/p>\n\n\n\n<p>&nbsp;&nbsp; En di\u00e1logo con la agencia NA, Motyl sostuvo que &#8220;para entender la situaci\u00f3n delicada en la que nos encontramos, basta con analizar la causa de las restricciones de venta de pasajes al exterior de las tarjetas de cr\u00e9dito&#8221;.<\/p>\n\n\n\n<p>&nbsp;&nbsp; Y se\u00f1al\u00f3 que &#8220;m\u00e1s all\u00e1 de que lo cierto es que van a entrar divisas por el trigo, no ser\u00e1n sustanciales, ya que en diciembre deber\u00e1n pagarle al FMI unos USD 1.800 millones, y en enero otros USD 700 millones&#8221;.<br>.<br>La negociaci\u00f3n con el FMI.<br>.<br>Motyl consider\u00f3 que &#8220;tanto el FMI como la Argentina est\u00e1n m\u00e1s que dispuestos a que la renegociaci\u00f3n se lleve con \u00e9xito&#8221;.<\/p>\n\n\n\n<p>&nbsp;&nbsp; &#8220;El FMI lo necesita porque gran parte de su cartera pertenece a nuestro pa\u00eds y un default tambi\u00e9n le ocasionar\u00eda graves problemas al organismo&#8221;, se\u00f1al\u00f3.<\/p>\n\n\n\n<p>&nbsp;&nbsp; Pero dijo que el organismo har\u00e1 foco en la &#8220;evoluci\u00f3n de la actividad econ\u00f3mica, las cuentas fiscales y las necesidades de financiamiento&#8221;.<\/p>\n\n\n\n<p>&nbsp;&nbsp; Y consider\u00f3 que el gobierno &#8220;le asegurar\u00e1 que nos espera una senda de crecimiento econ\u00f3mico los pr\u00f3ximos dos a\u00f1os&#8221;.<\/p>\n\n\n\n<p>&nbsp;&nbsp; &#8220;Dado el nivel actual de crisis en los mercados, un atraso tarifario, problemas en la cadena productiva, estabilizaci\u00f3n de los precios de las commodities, retraso cambiario, un salto devaluatorio y la agudizaci\u00f3n de los problemas estructurales preexistentes, es muy probable que vuelva a haber una recesi\u00f3n a partir del segundo semestre del 2022, con una ca\u00edda de la actividad que superar\u00eda el 3% en 2023&#8221;, estim\u00f3.<\/p>\n\n\n\n<p>&nbsp;&nbsp; Advirti\u00f3 que &#8220;m\u00e1s all\u00e1 de que veamos una reducci\u00f3n en casi 3 puntos porcentuales del d\u00e9ficit total y de 2 puntos del d\u00e9ficit primario, tampoco va a ser sustancial, y seguiremos necesitando recursos para financiarlo&#8221;.<\/p>\n\n\n\n<p>&nbsp;&nbsp; Y dijo que &#8220;en 2023, con una ca\u00edda de la actividad y las consecuencias de la pol\u00edtica de redistribuci\u00f3n, los ingresos van a caer y los gastos subir\u00e1n, en un contexto electoral. Por lo que el d\u00e9ficit volver\u00e1 a elevarse&#8221;.<\/p>\n\n\n\n<p>&nbsp;&nbsp; Consider\u00f3 que &#8220;para salir de esta situaci\u00f3n, es imprescindible que el pa\u00eds lleve adelante una serie de reformas que le permitan crecer a tasas del 6% anual en los pr\u00f3ximos a\u00f1os&#8221;.<\/p>\n\n\n\n<p>&nbsp;&nbsp; Entre esas transformaciones claves, mencion\u00f3 la &#8220;reducci\u00f3n del gasto p\u00fablico, las reformas laboral y previsional, una baja impositiva y regulatoria, apertura comercial, y un cambio del sistema de coparticipaci\u00f3n federal&#8221;.<\/p>\n","protected":false},"excerpt":{"rendered":"<p>El BCRA se qued\u00f3 &#8220;sin poder de fuego&#8221; para hacer frente a un intento de corrida cambiaria, porque las reservas de libre disponibilidad son negativas en casi USD 2.000 millones,&hellip; <\/p>\n","protected":false},"author":2,"featured_media":0,"comment_status":"closed","ping_status":"open","sticky":false,"template":"","format":"standard","meta":{"footnotes":""},"categories":[21],"tags":[],"class_list":["post-7490","post","type-post","status-publish","format-standard","hentry","category-economia"],"_links":{"self":[{"href":"https:\/\/eenergetica.com.ar\/index.php\/wp-json\/wp\/v2\/posts\/7490","targetHints":{"allow":["GET"]}}],"collection":[{"href":"https:\/\/eenergetica.com.ar\/index.php\/wp-json\/wp\/v2\/posts"}],"about":[{"href":"https:\/\/eenergetica.com.ar\/index.php\/wp-json\/wp\/v2\/types\/post"}],"author":[{"embeddable":true,"href":"https:\/\/eenergetica.com.ar\/index.php\/wp-json\/wp\/v2\/users\/2"}],"replies":[{"embeddable":true,"href":"https:\/\/eenergetica.com.ar\/index.php\/wp-json\/wp\/v2\/comments?post=7490"}],"version-history":[{"count":1,"href":"https:\/\/eenergetica.com.ar\/index.php\/wp-json\/wp\/v2\/posts\/7490\/revisions"}],"predecessor-version":[{"id":7491,"href":"https:\/\/eenergetica.com.ar\/index.php\/wp-json\/wp\/v2\/posts\/7490\/revisions\/7491"}],"wp:attachment":[{"href":"https:\/\/eenergetica.com.ar\/index.php\/wp-json\/wp\/v2\/media?parent=7490"}],"wp:term":[{"taxonomy":"category","embeddable":true,"href":"https:\/\/eenergetica.com.ar\/index.php\/wp-json\/wp\/v2\/categories?post=7490"},{"taxonomy":"post_tag","embeddable":true,"href":"https:\/\/eenergetica.com.ar\/index.php\/wp-json\/wp\/v2\/tags?post=7490"}],"curies":[{"name":"wp","href":"https:\/\/api.w.org\/{rel}","templated":true}]}}