{"id":7479,"date":"2021-11-28T23:05:45","date_gmt":"2021-11-29T02:05:45","guid":{"rendered":"http:\/\/eenergetica.com.ar\/?p=7479"},"modified":"2021-11-28T23:05:45","modified_gmt":"2021-11-29T02:05:45","slug":"perdoname-hijo-por-no-haber-podido-llegar-a-tiempo-la-despedida-del-padre-del-nene-asesinado-en-la-pampa","status":"publish","type":"post","link":"https:\/\/eenergetica.com.ar\/index.php\/2021\/11\/28\/perdoname-hijo-por-no-haber-podido-llegar-a-tiempo-la-despedida-del-padre-del-nene-asesinado-en-la-pampa\/","title":{"rendered":"&#8220;PERD\u00d3NAME HIJO POR NO HABER PODIDO LLEGAR A TIEMPO&#8221;: LA DESPEDIDA DEL PADRE DEL NENE ASESINADO EN LA PAMPA"},"content":{"rendered":"\n<p><strong>El padre de Lucio Dupuy, el ni\u00f1o de cinco a\u00f1os por cuyo asesinato ocurrido en la ciudad de Santa Rosa, en La Pampa, fueron detenidas su madre y la novia, lo despidi\u00f3 en redes sociales en una conmovedora carta en la que le pidi\u00f3 perd\u00f3n por no haber llegado &#8220;a tiempo&#8221;.<\/strong><\/p>\n\n\n\n<p>&#8220;Perd\u00f3name hijo no llegue a tiempo. Hay hijito como me duele el alma. Mi rusito mi gringo te amo tanto ya no puedo seguir m\u00e1s con mi vida donde encuentro las fuerzas que me mandas hijo. Te amo perd\u00f3name por no poder hacer nada&#8221;, finaliza el mensaje de Christian Dupuy en su cuenta de la red social Facebook.<\/p>\n\n\n\n<p>&#8220;Me dejas con el alma rota buscando &#8216;el porque&#8217; de tantas cosas y me doy cuenta ahora de lo que estabas sufriendo y yo sin saberlo y ahora es tarde, te ten\u00edan preso de tu infancia e inocencia, ahora comprendo cuando haciamos video llamada y yo te preguntaba algo y lo que hac\u00edas era mirar para los costados para ver si alguna te estaba escuchando, por eso tardabas en contestarme cuando te preguntaba si eras feliz&#8221;, expresa el hombre en otra parte de su extenso mensaje.<\/p>\n\n\n\n<p>En la noche del viernes \u00faltimo, el chico fue llevado por vecinos al Hospital Evita, donde se constat\u00f3 que hab\u00eda fallecido y que ten\u00eda signos de haber recibido malos tratos.<\/p>\n\n\n\n<p>Enseguida, tom\u00f3 intervenci\u00f3n la Unidad Funcional de G\u00e9nero, Ni\u00f1ez y Adolescencia, y la Comisar\u00eda Primera de Santa Rosa.<\/p>\n\n\n\n<p>Al cuerpo del ni\u00f1o se le realiz\u00f3 una autopsia y se constat\u00f3 que hab\u00eda sufrido &#8220;politraumatismos&#8221; y que presentaba evidencia de lesiones anteriores.<\/p>\n\n\n\n<p>Las madre del chico, Magdalena Esp\u00f3sito Valenti, de 24 a\u00f1os, y su pareja, Abigail P\u00e9rez, de 27, fueron imputadas la primera de ellas, de &#8220;homicidio calificado por el v\u00ednculo&#8221; y la segunda de &#8220;homicidio simple&#8221; en una audiencia en la que se determin\u00f3 que sigan en prisi\u00f3n mientras dura el proceso.<\/p>\n\n\n\n<p>Este domingo, un numeroso grupo de personas se congreg\u00f3, a partir de las 18:00, para pedir justicia por el chico asesinado y marcharon de la plaza San Mart\u00edn hacia la comisar\u00eda sexta de la ciudad de Santa Rosa.<\/p>\n","protected":false},"excerpt":{"rendered":"<p>El padre de Lucio Dupuy, el ni\u00f1o de cinco a\u00f1os por cuyo asesinato ocurrido en la ciudad de Santa Rosa, en La Pampa, fueron detenidas su madre y la novia,&hellip; <\/p>\n","protected":false},"author":2,"featured_media":7480,"comment_status":"closed","ping_status":"open","sticky":false,"template":"","format":"standard","meta":{"footnotes":""},"categories":[22],"tags":[],"class_list":["post-7479","post","type-post","status-publish","format-standard","has-post-thumbnail","hentry","category-sociedad"],"_links":{"self":[{"href":"https:\/\/eenergetica.com.ar\/index.php\/wp-json\/wp\/v2\/posts\/7479","targetHints":{"allow":["GET"]}}],"collection":[{"href":"https:\/\/eenergetica.com.ar\/index.php\/wp-json\/wp\/v2\/posts"}],"about":[{"href":"https:\/\/eenergetica.com.ar\/index.php\/wp-json\/wp\/v2\/types\/post"}],"author":[{"embeddable":true,"href":"https:\/\/eenergetica.com.ar\/index.php\/wp-json\/wp\/v2\/users\/2"}],"replies":[{"embeddable":true,"href":"https:\/\/eenergetica.com.ar\/index.php\/wp-json\/wp\/v2\/comments?post=7479"}],"version-history":[{"count":1,"href":"https:\/\/eenergetica.com.ar\/index.php\/wp-json\/wp\/v2\/posts\/7479\/revisions"}],"predecessor-version":[{"id":7481,"href":"https:\/\/eenergetica.com.ar\/index.php\/wp-json\/wp\/v2\/posts\/7479\/revisions\/7481"}],"wp:featuredmedia":[{"embeddable":true,"href":"https:\/\/eenergetica.com.ar\/index.php\/wp-json\/wp\/v2\/media\/7480"}],"wp:attachment":[{"href":"https:\/\/eenergetica.com.ar\/index.php\/wp-json\/wp\/v2\/media?parent=7479"}],"wp:term":[{"taxonomy":"category","embeddable":true,"href":"https:\/\/eenergetica.com.ar\/index.php\/wp-json\/wp\/v2\/categories?post=7479"},{"taxonomy":"post_tag","embeddable":true,"href":"https:\/\/eenergetica.com.ar\/index.php\/wp-json\/wp\/v2\/tags?post=7479"}],"curies":[{"name":"wp","href":"https:\/\/api.w.org\/{rel}","templated":true}]}}