{"id":7432,"date":"2021-11-26T10:13:23","date_gmt":"2021-11-26T13:13:23","guid":{"rendered":"http:\/\/eenergetica.com.ar\/?p=7432"},"modified":"2021-11-26T10:13:23","modified_gmt":"2021-11-26T13:13:23","slug":"el-gobierno-espera-implementar-la-segmentacion-de-tarifas-en-los-primeros-meses-del-2022-se-viene-la-quita-de-subsidios","status":"publish","type":"post","link":"https:\/\/eenergetica.com.ar\/index.php\/2021\/11\/26\/el-gobierno-espera-implementar-la-segmentacion-de-tarifas-en-los-primeros-meses-del-2022-se-viene-la-quita-de-subsidios\/","title":{"rendered":"EL GOBIERNO ESPERA IMPLEMENTAR LA SEGMENTACI\u00d3N DE TARIFAS &#8220;EN LOS PRIMEROS MESES&#8221; DEL 2022: SE VIENE LA QUITA DE SUBSIDIOS"},"content":{"rendered":"\n<p><strong>El secretario de Energ\u00eda, Dar\u00edo Mart\u00ednez, afirm\u00f3 hoy que la segmentaci\u00f3n de tarifas se empezar\u00e1 a implementar &#8220;en los primeros meses&#8221; del a\u00f1o pr\u00f3ximo, lo que implicar\u00e1 una quita de subsidios a algunos sectores.<\/strong><\/p>\n\n\n\n<p>&nbsp;&nbsp; Destac\u00f3 que ser\u00e1 una herramienta que quedar\u00e1 instalada para las gestiones que vengan en la Argentina&#8221;.<\/p>\n\n\n\n<p>&nbsp;&nbsp; El Gobierno busca reducir los subsidios a la energ\u00eda en aquellos hogares que est\u00e9n en condiciones de afrontar las subas.<\/p>\n\n\n\n<p>&nbsp;&nbsp; Con ese objetivo, ya pidi\u00f3 a las distribuidoras que se corrijan errores en los datos de las personas que figuran como contratantes del servicio, cuando en realidad los habitantes de las propiedades son otras personas. Ser\u00edan m\u00e1s de un mill\u00f3n en el caso de la electricidad.<\/p>\n\n\n\n<p>&nbsp;&nbsp; La baja de subsidios permitir\u00e1 mejorar las cuentas p\u00fablicas, una condici\u00f3n que el FMI exige para poder encaminar un acuerdo.<\/p>\n\n\n\n<p>&nbsp;&nbsp; &#8220;El a\u00f1o que viene se va a empezar a implementar. Esperemos que sea lo antes posible, en los primeros meses, pero no podr\u00eda definir una fecha, porque estamos en ese esquemas de elaboraci\u00f3n&#8221;, resalt\u00f3 Mart\u00ednez.<\/p>\n\n\n\n<p>&nbsp;&nbsp; En declaraciones a medios acreditados en la Casa Rosada, incluida la agencia NA, el funcionario puntualiz\u00f3 que la segmentaci\u00f3n &#8220;va a comenzar de a poco y creo que va a superar muestra gesti\u00f3n&#8221;.<\/p>\n\n\n\n<p>&nbsp;&nbsp; &#8220;Es una herramienta que se quedar\u00e1 instalada para las gestiones que vengan en la Argentina y cada vez ser\u00e1 mejor&#8221;, enfatiz\u00f3.<\/p>\n\n\n\n<p>&nbsp;&nbsp; En ese marco, el funcionario argument\u00f3: &#8220;Es un uso m\u00e1s inteligente de los subsidios. No es ahorrar o dejar de ahorrar, sino usarlos de una manera m\u00e1s eficiente para poder llegar de una manera m\u00e1s concreta a aquel que realmente lo necesita&#8221;.<\/p>\n\n\n\n<p>&nbsp;&nbsp; &#8220;La evoluci\u00f3n de las tarifas tiene que ser siempre muy por debajo del salario. El salario es el que tiene que evolucionar en t\u00e9rminos reales&#8221;, subray\u00f3.<\/p>\n\n\n\n<p>&nbsp;&nbsp; Adem\u00e1s, indic\u00f3 que la segmentaci\u00f3n es un proceso que est\u00e1n &#8220;iniciando&#8221;, y complet\u00f3: &#8220;A partir del a\u00f1o que viene vamos a empezar a dar los primeros pasos. Es una herramienta que se va a ir perfeccionando a lo largo de los a\u00f1os en la Argentina&#8221;. .<\/p>\n\n\n\n<p>&nbsp;&nbsp; El funcionario defendi\u00f3 el congelamiento de tarifas durante la pandemia. Consider\u00f3 que fue una &#8220;decisi\u00f3n important\u00edsima este a\u00f1o entendiendo la situaci\u00f3n de una pandemia que nos complicaba&#8221;.<\/p>\n\n\n\n<p>&nbsp;&nbsp; &#8220;Los incrementos no han superado el d\u00edgito. Entendemos siempre como eje rector que de ninguna manera pueden evolucionar las tarifas por encima de los salarios&#8221;, enfatiz\u00f3.<\/p>\n\n\n\n<p>&nbsp;&nbsp; &#8220;Hay que ir avanzando con la segmentaci\u00f3n. Por eso, el a\u00f1o que viene vamos a comenzar con los primeros pasos. Luego ser\u00e1 una herramienta no s\u00f3lo para tarifas sino que le va a servir al Estado para muchas decisiones&#8221;, anticip\u00f3.<\/p>\n\n\n\n<p>&nbsp;&nbsp; Para el secretario de Energ\u00eda, se trata de una herramienta que se tiene que ir perfeccionando con los a\u00f1os&#8221;.<br>.<br>\u00bfTambi\u00e9n subir\u00e1n los combustibles?<br>.<br>Consultado sobre un posible aumento de los combustibles, respondi\u00f3: &#8220;Hay una tensi\u00f3n permanente entre el sector privado y nosotros, que estamos planteando que cualquier esquema de combustibles tiene que acompa\u00f1ar al mejoramiento de la econom\u00eda y del bolsillo de los argentinos&#8221;.<\/p>\n\n\n\n<p>&nbsp;&nbsp; &#8220;Creo que eso es parte de una discusi\u00f3n que se est\u00e1 dando, que es natural y que se da permanentemente&#8221;, se\u00f1al\u00f3, pero evit\u00f3 dar precisiones sobre las versiones que circulan en el mercado que las naftas volver\u00e1n a subir luego de las Fiestas.<\/p>\n","protected":false},"excerpt":{"rendered":"<p>El secretario de Energ\u00eda, Dar\u00edo Mart\u00ednez, afirm\u00f3 hoy que la segmentaci\u00f3n de tarifas se empezar\u00e1 a implementar &#8220;en los primeros meses&#8221; del a\u00f1o pr\u00f3ximo, lo que implicar\u00e1 una quita de&hellip; <\/p>\n","protected":false},"author":2,"featured_media":7433,"comment_status":"closed","ping_status":"open","sticky":false,"template":"","format":"standard","meta":{"footnotes":""},"categories":[23],"tags":[],"class_list":["post-7432","post","type-post","status-publish","format-standard","has-post-thumbnail","hentry","category-energia"],"_links":{"self":[{"href":"https:\/\/eenergetica.com.ar\/index.php\/wp-json\/wp\/v2\/posts\/7432","targetHints":{"allow":["GET"]}}],"collection":[{"href":"https:\/\/eenergetica.com.ar\/index.php\/wp-json\/wp\/v2\/posts"}],"about":[{"href":"https:\/\/eenergetica.com.ar\/index.php\/wp-json\/wp\/v2\/types\/post"}],"author":[{"embeddable":true,"href":"https:\/\/eenergetica.com.ar\/index.php\/wp-json\/wp\/v2\/users\/2"}],"replies":[{"embeddable":true,"href":"https:\/\/eenergetica.com.ar\/index.php\/wp-json\/wp\/v2\/comments?post=7432"}],"version-history":[{"count":1,"href":"https:\/\/eenergetica.com.ar\/index.php\/wp-json\/wp\/v2\/posts\/7432\/revisions"}],"predecessor-version":[{"id":7434,"href":"https:\/\/eenergetica.com.ar\/index.php\/wp-json\/wp\/v2\/posts\/7432\/revisions\/7434"}],"wp:featuredmedia":[{"embeddable":true,"href":"https:\/\/eenergetica.com.ar\/index.php\/wp-json\/wp\/v2\/media\/7433"}],"wp:attachment":[{"href":"https:\/\/eenergetica.com.ar\/index.php\/wp-json\/wp\/v2\/media?parent=7432"}],"wp:term":[{"taxonomy":"category","embeddable":true,"href":"https:\/\/eenergetica.com.ar\/index.php\/wp-json\/wp\/v2\/categories?post=7432"},{"taxonomy":"post_tag","embeddable":true,"href":"https:\/\/eenergetica.com.ar\/index.php\/wp-json\/wp\/v2\/tags?post=7432"}],"curies":[{"name":"wp","href":"https:\/\/api.w.org\/{rel}","templated":true}]}}