{"id":7408,"date":"2021-11-26T08:34:24","date_gmt":"2021-11-26T11:34:24","guid":{"rendered":"http:\/\/eenergetica.com.ar\/?p=7408"},"modified":"2021-11-26T08:34:25","modified_gmt":"2021-11-26T11:34:25","slug":"la-justicia-analizara-nuevamente-si-la-cubana-mavys-alvarez-puede-ser-querellante-contra-el-entorno-de-maradona","status":"publish","type":"post","link":"https:\/\/eenergetica.com.ar\/index.php\/2021\/11\/26\/la-justicia-analizara-nuevamente-si-la-cubana-mavys-alvarez-puede-ser-querellante-contra-el-entorno-de-maradona\/","title":{"rendered":"LA JUSTICIA ANALIZAR\u00c1 NUEVAMENTE SI LA CUBANA MAVYS \u00c1LVAREZ PUEDE SER QUERELLANTE CONTRA EL ENTORNO DE MARADONA"},"content":{"rendered":"\n<p><strong>La C\u00e1mara Federal orden\u00f3 que se vuelva a analizar si la cubana Mavys \u00c1lvarez puede ser querellante en la denuncia que impuls\u00f3 contra Diego Maradona al acusarlo de abusarla sexualmente cuando ten\u00eda 16 a\u00f1os.<\/strong><\/p>\n\n\n\n<p>&nbsp; &nbsp;La sala II del Tribunal, con la firma de los jueces Eduardo Farah, Roberto Boico y Mart\u00edn Irurzun, declar\u00f3 nula la decisi\u00f3n del juez Daniel Rafecas que hab\u00eda rechazado la petici\u00f3n de la joven cubana para ser querellante en la causa.<\/p>\n\n\n\n<p>&nbsp;&nbsp; La joven viaj\u00f3 desde Cuba hace pocos d\u00edas a la Argentina para ratificar la denuncia ante la Justicia federal con acusaciones sobre Maradona y su entorno.<\/p>\n\n\n\n<p>&nbsp;&nbsp; La investigaci\u00f3n a cargo del fiscal Carlos R\u00edvolo se centra sobre el entorno que ten\u00eda el &#8220;Diez&#8221; all\u00e1 por el 2000 y en los dos meses que \u00c1lvarez estuvo en Argentina.<\/p>\n\n\n\n<p>&nbsp;&nbsp; La mujer denunci\u00f3 que cuando ten\u00eda 16 a\u00f1os fue tra\u00edda a Argentina, fue abusada sexualmente por Maradona y habl\u00f3 de situaciones de trata de personas.<\/p>\n\n\n\n<p>&nbsp;&nbsp; Particularmente, al haber fallecido Maradona la investigaci\u00f3n se focaliza, entre otros, en Guillermo Coppolla, exmanager de Maradona; amigos del futbolista de ese momento y el empresario Carlos Ferro Viera, entre otros.<\/p>\n\n\n\n<p>&nbsp;&nbsp; Junto a la denuncia, \u00c1lvarez hab\u00eda pedido ser querellante, lo que le permitir\u00eda tener acceso a la causa, solicitar medidas de prueba e impulsar la investigaci\u00f3n, m\u00e1s all\u00e1 de la decisi\u00f3n que finalmente adopte el fiscal luego de escucharla declarar en C\u00e1mara Gesell.<\/p>\n\n\n\n<p>&nbsp;&nbsp; El titular del juzgado 6 hab\u00eda negado esa solicitud, y los abogados de Mavys apelaron.<br>&nbsp;&nbsp; Ahora la C\u00e1mara Federal dijo que estuvo mal fundamentado el fallo del juez Daniel Rafecas, y le piden al juez que se vuelva a pronunciar sobre la solicitud de \u00c1lvarez.<\/p>\n","protected":false},"excerpt":{"rendered":"<p>La C\u00e1mara Federal orden\u00f3 que se vuelva a analizar si la cubana Mavys \u00c1lvarez puede ser querellante en la denuncia que impuls\u00f3 contra Diego Maradona al acusarlo de abusarla sexualmente&hellip; <\/p>\n","protected":false},"author":2,"featured_media":7409,"comment_status":"closed","ping_status":"open","sticky":false,"template":"","format":"standard","meta":{"footnotes":""},"categories":[22],"tags":[],"class_list":["post-7408","post","type-post","status-publish","format-standard","has-post-thumbnail","hentry","category-sociedad"],"_links":{"self":[{"href":"https:\/\/eenergetica.com.ar\/index.php\/wp-json\/wp\/v2\/posts\/7408","targetHints":{"allow":["GET"]}}],"collection":[{"href":"https:\/\/eenergetica.com.ar\/index.php\/wp-json\/wp\/v2\/posts"}],"about":[{"href":"https:\/\/eenergetica.com.ar\/index.php\/wp-json\/wp\/v2\/types\/post"}],"author":[{"embeddable":true,"href":"https:\/\/eenergetica.com.ar\/index.php\/wp-json\/wp\/v2\/users\/2"}],"replies":[{"embeddable":true,"href":"https:\/\/eenergetica.com.ar\/index.php\/wp-json\/wp\/v2\/comments?post=7408"}],"version-history":[{"count":1,"href":"https:\/\/eenergetica.com.ar\/index.php\/wp-json\/wp\/v2\/posts\/7408\/revisions"}],"predecessor-version":[{"id":7410,"href":"https:\/\/eenergetica.com.ar\/index.php\/wp-json\/wp\/v2\/posts\/7408\/revisions\/7410"}],"wp:featuredmedia":[{"embeddable":true,"href":"https:\/\/eenergetica.com.ar\/index.php\/wp-json\/wp\/v2\/media\/7409"}],"wp:attachment":[{"href":"https:\/\/eenergetica.com.ar\/index.php\/wp-json\/wp\/v2\/media?parent=7408"}],"wp:term":[{"taxonomy":"category","embeddable":true,"href":"https:\/\/eenergetica.com.ar\/index.php\/wp-json\/wp\/v2\/categories?post=7408"},{"taxonomy":"post_tag","embeddable":true,"href":"https:\/\/eenergetica.com.ar\/index.php\/wp-json\/wp\/v2\/tags?post=7408"}],"curies":[{"name":"wp","href":"https:\/\/api.w.org\/{rel}","templated":true}]}}