{"id":7405,"date":"2021-11-26T08:30:13","date_gmt":"2021-11-26T11:30:13","guid":{"rendered":"http:\/\/eenergetica.com.ar\/?p=7405"},"modified":"2021-11-26T08:30:14","modified_gmt":"2021-11-26T11:30:14","slug":"detuvieron-al-productor-de-tv-diego-gvirtz-por-robar-un-auto","status":"publish","type":"post","link":"https:\/\/eenergetica.com.ar\/index.php\/2021\/11\/26\/detuvieron-al-productor-de-tv-diego-gvirtz-por-robar-un-auto\/","title":{"rendered":"DETUVIERON AL PRODUCTOR DE TV DIEGO GVIRTZ POR ROBAR UN AUTO"},"content":{"rendered":"\n<p><strong>El productor de TV Diego Gvirtz fue detenido ayer como acusado de haberle robado un auto a una hermana del empresario Alan Faena, en el barrio porte\u00f1o de Puerto Madero<\/strong>.<\/p>\n\n\n\n<p>&nbsp; &nbsp;La denuncia, presentada por Claudia Faena, indica que Gvirtz, quien entre otros ciclos produjo el programa pol\u00edtico &#8220;6,7,8&#8221;, se present\u00f3 en el Hotel Faena y se hizo pasar por el due\u00f1o del auto, le pidi\u00f3 las llaves al valet parking y simplemente se lo llev\u00f3.<\/p>\n\n\n\n<p>&nbsp;&nbsp; El auto, de marca Honda, fue ubicado por la Polic\u00eda, poco despu\u00e9s en el Hotel Four Seasson, del barrio de Retiro, donde el productor fue inmediatamente detenido.<\/p>\n\n\n\n<p>&nbsp;&nbsp; En el caso, que fue calificado como &#8220;hurto calificado&#8221;, tom\u00f3 intervenci\u00f3n el Juzgado Nacional N\u00famero 1, a cargo de la jueza Vanesa Peluffo y ante la Secretar\u00eda de la doctora Lorena Lindheimer, y la Fiscal\u00eda 27.<\/p>\n","protected":false},"excerpt":{"rendered":"<p>El productor de TV Diego Gvirtz fue detenido ayer como acusado de haberle robado un auto a una hermana del empresario Alan Faena, en el barrio porte\u00f1o de Puerto Madero.&hellip; <\/p>\n","protected":false},"author":2,"featured_media":7406,"comment_status":"closed","ping_status":"open","sticky":false,"template":"","format":"standard","meta":{"footnotes":""},"categories":[22],"tags":[],"class_list":["post-7405","post","type-post","status-publish","format-standard","has-post-thumbnail","hentry","category-sociedad"],"_links":{"self":[{"href":"https:\/\/eenergetica.com.ar\/index.php\/wp-json\/wp\/v2\/posts\/7405","targetHints":{"allow":["GET"]}}],"collection":[{"href":"https:\/\/eenergetica.com.ar\/index.php\/wp-json\/wp\/v2\/posts"}],"about":[{"href":"https:\/\/eenergetica.com.ar\/index.php\/wp-json\/wp\/v2\/types\/post"}],"author":[{"embeddable":true,"href":"https:\/\/eenergetica.com.ar\/index.php\/wp-json\/wp\/v2\/users\/2"}],"replies":[{"embeddable":true,"href":"https:\/\/eenergetica.com.ar\/index.php\/wp-json\/wp\/v2\/comments?post=7405"}],"version-history":[{"count":1,"href":"https:\/\/eenergetica.com.ar\/index.php\/wp-json\/wp\/v2\/posts\/7405\/revisions"}],"predecessor-version":[{"id":7407,"href":"https:\/\/eenergetica.com.ar\/index.php\/wp-json\/wp\/v2\/posts\/7405\/revisions\/7407"}],"wp:featuredmedia":[{"embeddable":true,"href":"https:\/\/eenergetica.com.ar\/index.php\/wp-json\/wp\/v2\/media\/7406"}],"wp:attachment":[{"href":"https:\/\/eenergetica.com.ar\/index.php\/wp-json\/wp\/v2\/media?parent=7405"}],"wp:term":[{"taxonomy":"category","embeddable":true,"href":"https:\/\/eenergetica.com.ar\/index.php\/wp-json\/wp\/v2\/categories?post=7405"},{"taxonomy":"post_tag","embeddable":true,"href":"https:\/\/eenergetica.com.ar\/index.php\/wp-json\/wp\/v2\/tags?post=7405"}],"curies":[{"name":"wp","href":"https:\/\/api.w.org\/{rel}","templated":true}]}}