{"id":7291,"date":"2021-11-23T09:22:59","date_gmt":"2021-11-23T12:22:59","guid":{"rendered":"http:\/\/eenergetica.com.ar\/?p=7291"},"modified":"2021-11-23T09:22:59","modified_gmt":"2021-11-23T12:22:59","slug":"la-oposicion-apunto-al-gobierno-por-bielsa-y-la-improvisacion-en-politica-exterior","status":"publish","type":"post","link":"https:\/\/eenergetica.com.ar\/index.php\/2021\/11\/23\/la-oposicion-apunto-al-gobierno-por-bielsa-y-la-improvisacion-en-politica-exterior\/","title":{"rendered":"LA OPOSICI\u00d3N APUNT\u00d3 AL GOBIERNO POR BIELSA Y &#8220;LA IMPROVISACI\u00d3N EN POL\u00cdTICA EXTERIOR&#8221;"},"content":{"rendered":"\n<p><strong>Referentes de Juntos por el Cambio salieron hoy a cuestionar al Gobierno Nacional por las cr\u00edticas que lanz\u00f3 el embajador en Chile, Rafael Bielsa, sobre el ganador de la primera vuelta en Chile, Jos\u00e9 Antonio Kast, y advirtieron sobre &#8220;la improvisaci\u00f3n en pol\u00edtica exterior&#8221;.<\/strong><\/p>\n\n\n\n<p>&nbsp; &nbsp;Las cr\u00edticas de la oposici\u00f3n surgieron tras los dichos del ex canciller sobre el candidato chileno a la presidencia Jos\u00e9 Antonio Kast, a quien tild\u00f3 de &#8220;antiargentino&#8221; y &#8220;xen\u00f3fobo&#8221;, y compar\u00f3 con Jair Bolsonaro y Donald Trump.<\/p>\n\n\n\n<p>&nbsp;&nbsp; El diputado y presidente de la UCR, Alfredo Cornejo, resalt\u00f3: &#8220;Cuando se denuncian las violaciones a los DD.HH en Venezuela o Nicaragua, el gobierno no opina con la excusa de no intervenir en asuntos internos de otro pa\u00edses. Pero lo hace cuando un candidato no le gusta, caso Chile. Esto marca la improvisaci\u00f3n en la pol\u00edtica exterior&#8221;.<\/p>\n\n\n\n<p>&nbsp;&nbsp; A su vez, el titular de la Coalici\u00f3n C\u00edvica, Maximiliano Ferraro, tambi\u00e9n apunt\u00f3 a Bielsa y se\u00f1al\u00f3 que sus declaraciones &#8220;demuestran la improvisaci\u00f3n, falta de seriedad y capricho de la pol\u00edtica internacional kirchnerista&#8221;.<\/p>\n\n\n\n<p>&nbsp;&nbsp; &#8220;Callan sobre las dictaduras de Venezuela y Nicaragua, pero critican irrespetuosamente la democracia en Chile y esmerilan una vez m\u00e1s la hermandad entre ambas naciones&#8221;, expres\u00f3 Ferraro.<\/p>\n\n\n\n<p>&nbsp;&nbsp; El diputado electo por la Ciudad Ricardo L\u00f3pez Murphy tambi\u00e9n se sum\u00f3 a las cr\u00edticas y se\u00f1al\u00f3 que &#8220;el embajador que se dedica a defender terroristas como Jones Huala, ahora se entromete en el proceso democr\u00e1tico de un pa\u00eds hermano, en nombre de millones de argentinos&#8221;.<\/p>\n\n\n\n<p>&nbsp;&nbsp; &#8220;La pol\u00edtica exterior de Alberto Fern\u00e1ndez es una verg\u00fcenza&#8221;, remarc\u00f3 el ex ministro de Econom\u00eda.<\/p>\n\n\n\n<p>&nbsp;&nbsp; Tras las expresiones de Bielsa, el gobierno de Chile rechaz\u00f3 sus dichos y dijo que son &#8220;una intromisi\u00f3n inaceptable&#8221;.<\/p>\n\n\n\n<p>&nbsp;&nbsp; &#8220;Estas expresiones representan una intromisi\u00f3n inaceptable en los asuntos internos de Chile y vulneran normas de la Convenci\u00f3n de Viena sobre Relaciones Diplom\u00e1ticas&#8221;, resalt\u00f3 la Canciller\u00eda de Chile.<\/p>\n\n\n\n<p>&nbsp;&nbsp; En un comunicado, la administraci\u00f3n trasandina se\u00f1al\u00f3: &#8220;El Gobierno de Chile reitera su permanente disposici\u00f3n a mantener con la Rep\u00fablica Argentina las mejores relaciones pol\u00edticas y diplom\u00e1ticas, en el marco de la amistad hist\u00f3rica que nos une y del respeto rec\u00edproco que se merecen nuestros pueblos&#8221;.<\/p>\n","protected":false},"excerpt":{"rendered":"<p>Referentes de Juntos por el Cambio salieron hoy a cuestionar al Gobierno Nacional por las cr\u00edticas que lanz\u00f3 el embajador en Chile, Rafael Bielsa, sobre el ganador de la primera&hellip; <\/p>\n","protected":false},"author":2,"featured_media":7292,"comment_status":"closed","ping_status":"open","sticky":false,"template":"","format":"standard","meta":{"footnotes":""},"categories":[20],"tags":[],"class_list":["post-7291","post","type-post","status-publish","format-standard","has-post-thumbnail","hentry","category-politica"],"_links":{"self":[{"href":"https:\/\/eenergetica.com.ar\/index.php\/wp-json\/wp\/v2\/posts\/7291","targetHints":{"allow":["GET"]}}],"collection":[{"href":"https:\/\/eenergetica.com.ar\/index.php\/wp-json\/wp\/v2\/posts"}],"about":[{"href":"https:\/\/eenergetica.com.ar\/index.php\/wp-json\/wp\/v2\/types\/post"}],"author":[{"embeddable":true,"href":"https:\/\/eenergetica.com.ar\/index.php\/wp-json\/wp\/v2\/users\/2"}],"replies":[{"embeddable":true,"href":"https:\/\/eenergetica.com.ar\/index.php\/wp-json\/wp\/v2\/comments?post=7291"}],"version-history":[{"count":1,"href":"https:\/\/eenergetica.com.ar\/index.php\/wp-json\/wp\/v2\/posts\/7291\/revisions"}],"predecessor-version":[{"id":7293,"href":"https:\/\/eenergetica.com.ar\/index.php\/wp-json\/wp\/v2\/posts\/7291\/revisions\/7293"}],"wp:featuredmedia":[{"embeddable":true,"href":"https:\/\/eenergetica.com.ar\/index.php\/wp-json\/wp\/v2\/media\/7292"}],"wp:attachment":[{"href":"https:\/\/eenergetica.com.ar\/index.php\/wp-json\/wp\/v2\/media?parent=7291"}],"wp:term":[{"taxonomy":"category","embeddable":true,"href":"https:\/\/eenergetica.com.ar\/index.php\/wp-json\/wp\/v2\/categories?post=7291"},{"taxonomy":"post_tag","embeddable":true,"href":"https:\/\/eenergetica.com.ar\/index.php\/wp-json\/wp\/v2\/tags?post=7291"}],"curies":[{"name":"wp","href":"https:\/\/api.w.org\/{rel}","templated":true}]}}