{"id":7288,"date":"2021-11-23T09:19:51","date_gmt":"2021-11-23T12:19:51","guid":{"rendered":"http:\/\/eenergetica.com.ar\/?p=7288"},"modified":"2021-11-23T09:19:52","modified_gmt":"2021-11-23T12:19:52","slug":"lanzan-un-programa-para-asistir-a-trabajadores-con-dificultades-para-ingresar-al-empleo-registrado","status":"publish","type":"post","link":"https:\/\/eenergetica.com.ar\/index.php\/2021\/11\/23\/lanzan-un-programa-para-asistir-a-trabajadores-con-dificultades-para-ingresar-al-empleo-registrado\/","title":{"rendered":"LANZAN UN PROGRAMA PARA ASISTIR A TRABAJADORES CON DIFICULTADES PARA INGRESAR AL EMPLEO REGISTRADO"},"content":{"rendered":"\n<p><strong>El Gobierno lanz\u00f3 oficialmente hoy un programa para asistir a trabajadores con dificultades para ingresar al empleo formal, que incluye el beneficio de reducci\u00f3n transitoria de contribuciones patronales para empleadores del sector privado.<\/strong><\/p>\n\n\n\n<p>&nbsp;&nbsp; La iniciativa, denominada &#8220;Fomentar Empleo&#8221;, ofrecer\u00e1 servicios de orientaci\u00f3n laboral y asistencia en la b\u00fasqueda de empleo, servicios de intermediaci\u00f3n laboral, servicios de formaci\u00f3n profesional y la posibilidad de certificar competencias laborales.<\/p>\n\n\n\n<p>&nbsp;&nbsp; Tambi\u00e9n se podr\u00e1 acceder a prestaciones espec\u00edficas, como pr\u00e1cticas en ambientes de trabajo y acciones de promoci\u00f3n para la inserci\u00f3n en el empleo registrado.<\/p>\n\n\n\n<p>&nbsp;&nbsp; As\u00ed lo estableci\u00f3 la Resoluci\u00f3n 647\/2021 del Ministerio de Trabajo, publicada este martes en el Bolet\u00edn Oficial.<\/p>\n\n\n\n<p>&nbsp;&nbsp; &#8220;Cr\u00e9ase el Programa Fomentar Empleo que tiene por objeto asistir a trabajadoras y trabajadores con dificultades para ingresar al empleo formal en el desarrollo de su proyecto ocupacional, a trav\u00e9s del acceso a prestaciones que les permitan mejorar sus competencias laborales e insertarse en empleos de calidad&#8221;, seg\u00fan el texto oficial.<\/p>\n\n\n\n<p>&nbsp;&nbsp; Seg\u00fan lo dispuesto, la iniciativa est\u00e1 destinada a trabajadores de 18 a\u00f1os de edad o m\u00e1s que se encuentren en b\u00fasqueda activa de empleo y que al momento de solicitar su incorporaci\u00f3n al Programa y de acceder a cada prestaci\u00f3n, no cuenten con trabajo registrado en el sistema de seguridad social dentro de los \u00faltimos tres meses de informaci\u00f3n disponible, con excepci\u00f3n del Monotributo Social y del R\u00e9gimen Especial de Contrato de Trabajo para el Personal de Casas Particulares.<\/p>\n\n\n\n<p>&nbsp;&nbsp; As\u00ed, dentro de la poblaci\u00f3n objetivo general establecida por la Resoluci\u00f3n, Fomentar Empleo brindar\u00e1 un tratamiento especial a los siguientes grupos poblacionales: j\u00f3venes de 18 a 24 a\u00f1os, inclusive; mujeres de 25 a 59 a\u00f1os; varones de 45 a 64 a\u00f1os, y personas de la diversidad sexo gen\u00e9rica.<\/p>\n\n\n\n<p>&nbsp;&nbsp; Las prestaciones generales y espec\u00edficas del Programa se instrumentar\u00e1n a trav\u00e9s del Portal Empleo, y de planes y\/o programas prestacionales implementados o a implementarse por el Ministerio de Trabajo.<\/p>\n\n\n\n<p>&nbsp;&nbsp; En consecuencia, los trabajadores destinatarios interesados en acceder a Fomentar Empleo deber\u00e1n registrar sus datos personales y completar su historia laboral en ese Portal, y manifestar su voluntad de incorporarse al presente Programa.<\/p>\n\n\n\n<p>&nbsp;&nbsp; Adem\u00e1s, Trabajo dispuso incluir a este nuevo instrumento de b\u00fasqueda laboral dentro de la n\u00f3mina de pol\u00edticas y programas educativos, de formaci\u00f3n y empleo y de intermediaci\u00f3n comprendidos por el beneficio de reducci\u00f3n transitoria de contribuciones patronales para empleadores del sector privado, establecido por el Decreto N\u00b0 493\/2021.<\/p>\n\n\n\n<p>&nbsp;&nbsp; El Poder Ejecutivo justific\u00f3 la creaci\u00f3n de este Programa al se\u00f1alar que &#8220;la informalidad laboral y el desempleo se presentan entre las principales problem\u00e1ticas laborales que aquejan al mercado de trabajo argentino&#8221;.<\/p>\n","protected":false},"excerpt":{"rendered":"<p>El Gobierno lanz\u00f3 oficialmente hoy un programa para asistir a trabajadores con dificultades para ingresar al empleo formal, que incluye el beneficio de reducci\u00f3n transitoria de contribuciones patronales para empleadores&hellip; <\/p>\n","protected":false},"author":2,"featured_media":7289,"comment_status":"closed","ping_status":"open","sticky":false,"template":"","format":"standard","meta":{"footnotes":""},"categories":[25],"tags":[],"class_list":["post-7288","post","type-post","status-publish","format-standard","has-post-thumbnail","hentry","category-gremial"],"_links":{"self":[{"href":"https:\/\/eenergetica.com.ar\/index.php\/wp-json\/wp\/v2\/posts\/7288","targetHints":{"allow":["GET"]}}],"collection":[{"href":"https:\/\/eenergetica.com.ar\/index.php\/wp-json\/wp\/v2\/posts"}],"about":[{"href":"https:\/\/eenergetica.com.ar\/index.php\/wp-json\/wp\/v2\/types\/post"}],"author":[{"embeddable":true,"href":"https:\/\/eenergetica.com.ar\/index.php\/wp-json\/wp\/v2\/users\/2"}],"replies":[{"embeddable":true,"href":"https:\/\/eenergetica.com.ar\/index.php\/wp-json\/wp\/v2\/comments?post=7288"}],"version-history":[{"count":1,"href":"https:\/\/eenergetica.com.ar\/index.php\/wp-json\/wp\/v2\/posts\/7288\/revisions"}],"predecessor-version":[{"id":7290,"href":"https:\/\/eenergetica.com.ar\/index.php\/wp-json\/wp\/v2\/posts\/7288\/revisions\/7290"}],"wp:featuredmedia":[{"embeddable":true,"href":"https:\/\/eenergetica.com.ar\/index.php\/wp-json\/wp\/v2\/media\/7289"}],"wp:attachment":[{"href":"https:\/\/eenergetica.com.ar\/index.php\/wp-json\/wp\/v2\/media?parent=7288"}],"wp:term":[{"taxonomy":"category","embeddable":true,"href":"https:\/\/eenergetica.com.ar\/index.php\/wp-json\/wp\/v2\/categories?post=7288"},{"taxonomy":"post_tag","embeddable":true,"href":"https:\/\/eenergetica.com.ar\/index.php\/wp-json\/wp\/v2\/tags?post=7288"}],"curies":[{"name":"wp","href":"https:\/\/api.w.org\/{rel}","templated":true}]}}