{"id":6629,"date":"2021-11-02T22:02:33","date_gmt":"2021-11-03T01:02:33","guid":{"rendered":"http:\/\/eenergetica.com.ar\/?p=6629"},"modified":"2021-11-02T22:02:34","modified_gmt":"2021-11-03T01:02:34","slug":"acuerdo-entre-anses-y-la-secretaria-de-comercio-interior-para-potenciar-beneficios-anses-en-todo-el-pais","status":"publish","type":"post","link":"https:\/\/eenergetica.com.ar\/index.php\/2021\/11\/02\/acuerdo-entre-anses-y-la-secretaria-de-comercio-interior-para-potenciar-beneficios-anses-en-todo-el-pais\/","title":{"rendered":"ACUERDO ENTRE ANSES Y LA SECRETAR\u00cdA DE COMERCIO INTERIOR PARA POTENCIAR \u201cBENEFICIOS ANSES\u201d EN TODO EL PA\u00cdS"},"content":{"rendered":"\n<p><strong><em>l convenio firmado entre ambos organismos busca impulsar el alcance de este programa incorporando a los comercios de cercan\u00eda con el objetivo de potenciar sus ventas y proteger los ingresos de las familias argentinas.<\/em><\/strong><\/p>\n\n\n\n<p><strong>La Directora Ejecutiva de ANSES,&nbsp;<\/strong><strong>Fernanda Raverta<\/strong><strong>, y el Secretario de Comercio Interior,&nbsp;<\/strong><strong>Roberto Felleti<\/strong><strong>, firmaron un convenio para potenciar Beneficios ANSES en todo el pa\u00eds. Este programa permite que jubilados, pensionados y titulares de asignaciones accedan a una red de descuentos en sus compras, utilizando su tarjeta de d\u00e9bito con la que cobran sus prestaciones todos los meses, protegiendo los ingresos y promoviendo las ventas de los comercios de barrio.<\/strong><\/p>\n\n\n\n<p><strong>\u201c<em>Desde que asumimos nos propusimos recuperar el tiempo perdido en relaci\u00f3n a la capacidad de compra de las familias argentinas, con aumentos en las asignaciones familiares de los trabajadores registrados, con las jubilaciones y pensiones y tambi\u00e9n con la Asignaci\u00f3n Universal por Hijo y con la Tarjeta Alimentar<\/em>\u201d, indic\u00f3&nbsp;<\/strong><strong>Raverta<\/strong><strong>&nbsp;durante la firma del convenio.&nbsp;<\/strong><\/p>\n\n\n\n<p><strong>\u201c<em>Por eso estabilizar los precios y proteger el bolsillo de las familias argentinas es una tarea central para sostener las pol\u00edticas de mejoras de ingresos que estamos llevando adelante<\/em>\u201d, se\u00f1al\u00f3.<\/strong><\/p>\n\n\n\n<p><strong>Por su parte,&nbsp;<\/strong><strong>Roberto Feletti<\/strong><strong>&nbsp;explic\u00f3: \u201c<em>La intervenci\u00f3n que hicimos en las \u00faltimas semanas tuvo que ver con frenar la suba de precios<\/em>\u201d. \u201cTenemos que lograr un acuerdo social, que habr\u00e1 que consensuar y discutir, de una canasta amplia y diversificada de productos que sea de acceso a todos y todas las trabajadoras de este pa\u00eds\u201d, agreg\u00f3.<\/strong><\/p>\n\n\n\n<p><strong>Al respecto, el Secretario de Comercio Interior celebr\u00f3 que \u201c<em>el cobro de la Tarjeta Alimentar se unifique ahora con la AUH y se pueda utilizar para comprar en los negocios de cercan\u00eda<\/em>\u201d. En esa l\u00ednea, agreg\u00f3 que esta medida \u201c<em>va a estimular los tejidos comerciales de los barrios lo que representa para los peque\u00f1os comerciantes una ampliaci\u00f3n enorme del mercado, que se debe dar con el debido cuidado de los precios<\/em>\u201d.<\/strong><\/p>\n\n\n\n<p><strong>Finalmente, el secretario general de ANSES,&nbsp;<\/strong><strong>Santiago Fraschina<\/strong><strong>, destac\u00f3 que \u201c<em>el objetivo del convenio es generar una mesa de trabajo con la Secretar\u00eda de Comercio para adherir a m\u00e1s peque\u00f1os y medianos comercios a Beneficios ANSES<\/em>\u201d.<\/strong><\/p>\n\n\n\n<p><strong>\u201c<em>Actualmente tenemos un promedio de 450 comercios que se adhieren todos los meses a Beneficios ANSES, pero sabemos que tenemos que aumentar esa cantidad y ese es el objetivo fundamental de este convenio<\/em>\u201d, concluy\u00f3.<\/strong><\/p>\n\n\n\n<p><strong>Para conocer los comercios que forman parte de este programa en cada una de las provincias y localidades del pa\u00eds o para adherir los comercios al programa se debe ingresar a&nbsp;<a href=\"http:\/\/www.anses.gob.ar\/beneficios-anses\" target=\"_blank\" rel=\"noreferrer noopener\">www.anses.gob.ar\/beneficios-anses<\/a>.<\/strong><\/p>\n","protected":false},"excerpt":{"rendered":"<p>l convenio firmado entre ambos organismos busca impulsar el alcance de este programa incorporando a los comercios de cercan\u00eda con el objetivo de potenciar sus ventas y proteger los ingresos&hellip; <\/p>\n","protected":false},"author":2,"featured_media":6630,"comment_status":"closed","ping_status":"open","sticky":false,"template":"","format":"standard","meta":{"footnotes":""},"categories":[22],"tags":[],"class_list":["post-6629","post","type-post","status-publish","format-standard","has-post-thumbnail","hentry","category-sociedad"],"_links":{"self":[{"href":"https:\/\/eenergetica.com.ar\/index.php\/wp-json\/wp\/v2\/posts\/6629","targetHints":{"allow":["GET"]}}],"collection":[{"href":"https:\/\/eenergetica.com.ar\/index.php\/wp-json\/wp\/v2\/posts"}],"about":[{"href":"https:\/\/eenergetica.com.ar\/index.php\/wp-json\/wp\/v2\/types\/post"}],"author":[{"embeddable":true,"href":"https:\/\/eenergetica.com.ar\/index.php\/wp-json\/wp\/v2\/users\/2"}],"replies":[{"embeddable":true,"href":"https:\/\/eenergetica.com.ar\/index.php\/wp-json\/wp\/v2\/comments?post=6629"}],"version-history":[{"count":1,"href":"https:\/\/eenergetica.com.ar\/index.php\/wp-json\/wp\/v2\/posts\/6629\/revisions"}],"predecessor-version":[{"id":6631,"href":"https:\/\/eenergetica.com.ar\/index.php\/wp-json\/wp\/v2\/posts\/6629\/revisions\/6631"}],"wp:featuredmedia":[{"embeddable":true,"href":"https:\/\/eenergetica.com.ar\/index.php\/wp-json\/wp\/v2\/media\/6630"}],"wp:attachment":[{"href":"https:\/\/eenergetica.com.ar\/index.php\/wp-json\/wp\/v2\/media?parent=6629"}],"wp:term":[{"taxonomy":"category","embeddable":true,"href":"https:\/\/eenergetica.com.ar\/index.php\/wp-json\/wp\/v2\/categories?post=6629"},{"taxonomy":"post_tag","embeddable":true,"href":"https:\/\/eenergetica.com.ar\/index.php\/wp-json\/wp\/v2\/tags?post=6629"}],"curies":[{"name":"wp","href":"https:\/\/api.w.org\/{rel}","templated":true}]}}