{"id":6123,"date":"2021-10-17T20:56:50","date_gmt":"2021-10-17T23:56:50","guid":{"rendered":"http:\/\/eenergetica.com.ar\/?p=6123"},"modified":"2021-10-17T20:56:50","modified_gmt":"2021-10-17T23:56:50","slug":"el-decreto-para-convertir-planes-sociales-en-empleo-podria-ser-anunciado-en-el-acto-de-la-cgt","status":"publish","type":"post","link":"https:\/\/eenergetica.com.ar\/index.php\/2021\/10\/17\/el-decreto-para-convertir-planes-sociales-en-empleo-podria-ser-anunciado-en-el-acto-de-la-cgt\/","title":{"rendered":"EL DECRETO PARA CONVERTIR PLANES SOCIALES EN EMPLEO PODR\u00cdA SER ANUNCIADO EN EL ACTO DE LA CGT"},"content":{"rendered":"\n<p><strong>El presidente Alberto Fern\u00e1ndez prev\u00e9 anunciar el pr\u00f3ximo lunes los detalles del decreto para impulsar la conversi\u00f3n de planes sociales en empleo registrado, en paralelo al acto que realizar\u00e1 la CGT para celebrar el 17 de octubre.<\/strong><\/p>\n\n\n\n<p>&nbsp; &nbsp;As\u00ed lo indicaron a la agencia NA fuentes de la Casa Rosada, las cuales se\u00f1alaron que los ministros de Trabajo, Claudio Moroni, y de Desarrollo Social, Juan Zabaleta, trabajan en la letra chica de la iniciativa.<\/p>\n\n\n\n<p>&nbsp;&nbsp; Todo se aceler\u00f3 este viernes luego de que el jefe de Estado hizo el anuncio formal en el marco de su discurso de cierre del Coloquio de IDEA.<\/p>\n\n\n\n<p>&nbsp;&nbsp; El decreto dar\u00e1 un marco normativo a las actas de acuerdo que ya se vienen firmando con distintos sectores (gastron\u00f3micos, construcci\u00f3n y rurales), que ahora se extender\u00e1n a toda la econom\u00eda, con especial acento en las pymes, indicaron las fuentes consultadas.<\/p>\n\n\n\n<p>&nbsp;&nbsp; La CGT realizar\u00e1 un acto el lunes con motivo del D\u00eda de la Lealtad Peronista, cuyo eje ser\u00e1 la consigna &#8220;Desarrollo, producci\u00f3n y trabajo&#8221;.<\/p>\n\n\n\n<p>&nbsp;&nbsp; El acto se realizar\u00e1 frente al Monumento al Trabajo, en avenida Paseo Col\u00f3n al 800.<\/p>\n\n\n\n<p>&nbsp;&nbsp; En IDEA, Fern\u00e1ndez dijo que se prepara un decreto por el cual quienes perciben planes sociales podr\u00e1n acceder a un empleo privado &#8220;sin perder ese derecho&#8221;.<\/p>\n\n\n\n<p>&nbsp;&nbsp; &#8220;Cambiar planes por empleo debe ser nuestro primer objetivo&#8221;, ratific\u00f3 el jefe de Estado.<\/p>\n\n\n\n<p>&nbsp;&nbsp; Y sostuvo que &#8220;la asistencia del Estado no puede ser el remedio para la falta de empleo&#8221;, en l\u00ednea con lo manifestado por el papa Francisco.<\/p>\n\n\n\n<p>&nbsp;&nbsp; Fern\u00e1ndez dijo que cuando concluy\u00f3 el gobierno de Cristina Kirchner en 2015 &#8220;hab\u00eda menos de 200 mil planes sociales mientras que cuando \u00e9l asumi\u00f3 en 2019, se hab\u00edan multiplicado y ya hab\u00eda unos 800 mil.<\/p>\n\n\n\n<p>&nbsp;&nbsp; Sostuvo que &#8220;la asistencia del Estado a los sectores m\u00e1s postergados es s\u00f3lo un paliativo para sobrellevar la pobreza&#8221;.<\/p>\n\n\n\n<p>&nbsp;&nbsp; Y advirti\u00f3 que &#8220;no existe otro remedio que la inversi\u00f3n privada, que asocia el capital al trabajo, para lograr un desarrollo sostenible en nuestra sociedad&#8221;.<\/p>\n\n\n\n<p>&nbsp;&nbsp; Fern\u00e1ndez destac\u00f3 los nuevos acuerdos que impuls\u00f3 el Gobierno nacional con empresarios y sindicatos de la construcci\u00f3n, del sector rural, gastron\u00f3micos y hoteleros, suscriptos en las \u00faltimas semanas, con el objetivo de que &#8220;los que hoy son beneficiarios de planes puedan ser empleados en la actividad privada sin perder ese derecho&#8221;.<\/p>\n\n\n\n<p>&nbsp;&nbsp; Uno de los temas que se debe definir en el decreto es el per\u00edodo por el cual se mantendr\u00edan los planes sociales para los nuevos empleados en blanco, que rondar\u00eda los seis meses, pero a\u00fan es objeto de discusi\u00f3n.<\/p>\n\n\n\n<p>&nbsp;&nbsp; Tambi\u00e9n c\u00f3mo se aplicar\u00eda el sistema en funci\u00f3n de los distintos sectores, ya que, como ejemplo, no es lo mismo un empleado de un restaurante que uno de una compa\u00f1\u00eda de inform\u00e1tica.<\/p>\n\n\n\n<p>&nbsp;&nbsp; Adem\u00e1s, el empleador deber\u00e1 estar al d\u00eda con el pago de aportes, seg\u00fan se prev\u00e9 en el borrador del decreto.<\/p>\n\n\n\n<p>&nbsp;&nbsp; Fern\u00e1ndez sostuvo que &#8220;una econom\u00eda que crece, produce y exporta necesita de una fuerza laboral bien paga y protegida en sus derechos&#8221;.<\/p>\n","protected":false},"excerpt":{"rendered":"<p>El presidente Alberto Fern\u00e1ndez prev\u00e9 anunciar el pr\u00f3ximo lunes los detalles del decreto para impulsar la conversi\u00f3n de planes sociales en empleo registrado, en paralelo al acto que realizar\u00e1 la&hellip; <\/p>\n","protected":false},"author":2,"featured_media":6124,"comment_status":"closed","ping_status":"open","sticky":false,"template":"","format":"standard","meta":{"footnotes":""},"categories":[20],"tags":[],"class_list":["post-6123","post","type-post","status-publish","format-standard","has-post-thumbnail","hentry","category-politica"],"_links":{"self":[{"href":"https:\/\/eenergetica.com.ar\/index.php\/wp-json\/wp\/v2\/posts\/6123","targetHints":{"allow":["GET"]}}],"collection":[{"href":"https:\/\/eenergetica.com.ar\/index.php\/wp-json\/wp\/v2\/posts"}],"about":[{"href":"https:\/\/eenergetica.com.ar\/index.php\/wp-json\/wp\/v2\/types\/post"}],"author":[{"embeddable":true,"href":"https:\/\/eenergetica.com.ar\/index.php\/wp-json\/wp\/v2\/users\/2"}],"replies":[{"embeddable":true,"href":"https:\/\/eenergetica.com.ar\/index.php\/wp-json\/wp\/v2\/comments?post=6123"}],"version-history":[{"count":1,"href":"https:\/\/eenergetica.com.ar\/index.php\/wp-json\/wp\/v2\/posts\/6123\/revisions"}],"predecessor-version":[{"id":6125,"href":"https:\/\/eenergetica.com.ar\/index.php\/wp-json\/wp\/v2\/posts\/6123\/revisions\/6125"}],"wp:featuredmedia":[{"embeddable":true,"href":"https:\/\/eenergetica.com.ar\/index.php\/wp-json\/wp\/v2\/media\/6124"}],"wp:attachment":[{"href":"https:\/\/eenergetica.com.ar\/index.php\/wp-json\/wp\/v2\/media?parent=6123"}],"wp:term":[{"taxonomy":"category","embeddable":true,"href":"https:\/\/eenergetica.com.ar\/index.php\/wp-json\/wp\/v2\/categories?post=6123"},{"taxonomy":"post_tag","embeddable":true,"href":"https:\/\/eenergetica.com.ar\/index.php\/wp-json\/wp\/v2\/tags?post=6123"}],"curies":[{"name":"wp","href":"https:\/\/api.w.org\/{rel}","templated":true}]}}