{"id":6012,"date":"2021-10-14T15:30:36","date_gmt":"2021-10-14T18:30:36","guid":{"rendered":"http:\/\/eenergetica.com.ar\/?p=6012"},"modified":"2021-10-14T15:30:37","modified_gmt":"2021-10-14T18:30:37","slug":"kicillof-otorgo-un-aumento-salarial-para-la-policia-y-el-servicio-penitenciario-bonaerense","status":"publish","type":"post","link":"https:\/\/eenergetica.com.ar\/index.php\/2021\/10\/14\/kicillof-otorgo-un-aumento-salarial-para-la-policia-y-el-servicio-penitenciario-bonaerense\/","title":{"rendered":"KICILLOF OTORG\u00d3 UN AUMENTO SALARIAL PARA LA POLIC\u00cdA Y EL SERVICIO PENITENCIARIO BONAERENSE"},"content":{"rendered":"\n<p><strong>En medio de una demanda de mayor seguridad ante crecientes hechos de violencia, el gobierno de Axel Kicillof anunci\u00f3 hoy el aumento de salarios y de las horas CORES para los efectivos bonaerenses y el personal del Servicio Penitenciario provincial.<\/strong><\/p>\n\n\n\n<p>&nbsp; &nbsp;Se trata de una suba del 11 por ciento prevista para los meses de octubre y noviembre, que se suma a los percibidos en marzo, julio y septiembre, con lo que se busc\u00f3 saldar diferencias con los reclamos de las fuerzas de seguridad de la Provincia de Buenos Aires, y evitar hechos como los ocurridos el a\u00f1o pasado durante la pandemia.<\/p>\n\n\n\n<p>&nbsp;&nbsp; Con los incrementos ya otorgados a lo largo del a\u00f1o, el aumento promedio es del 46,5% en relaci\u00f3n a diciembre de 2020.<\/p>\n\n\n\n<p>&nbsp;&nbsp; El aumento salarial fue anunciado por el gobernador Axel Kicillof durante el acto de entrega de patrulleros en la ciudad de Olavarr\u00eda junto al ministro de Seguridad, Sergio Berni.<\/p>\n\n\n\n<p>&nbsp;&nbsp; Desde all\u00ed, el gobernador inform\u00f3 que la Provincia &#8220;otorgar\u00e1 un nuevo aumento a las fuerzas de seguridad, polic\u00edas y personal del Servicio Penitenciario, en los meses de octubre y noviembre que se suma a los percibidos en marzo, julio y septiembre&#8221;.<\/p>\n\n\n\n<p>&nbsp;&nbsp; &#8220;Seguimos mejorando la calidad del salario, reforzando los sueldos b\u00e1sicos para recomponer la retribuci\u00f3n seg\u00fan la jerarqu\u00eda&#8221;, resalt\u00f3 Kicillof.<\/p>\n\n\n\n<p>&nbsp;&nbsp; Dicha recomposici\u00f3n se da como &#8220;parte de la pol\u00edtica de recomposici\u00f3n salarial y mejora en las condiciones de trabajo que hemos iniciado en 2020&#8221;.<\/p>\n\n\n\n<p>&nbsp;&nbsp; La Compensaci\u00f3n por recargo de servicio, tanto para Polic\u00eda a trav\u00e9s de las horas (CORES) como para el personal del Servicio Penitenciario &#8220;se incrementar\u00e1 en noviembre hasta $ 180, lo que implica una suba de cuatro veces y media desde septiembre del a\u00f1o pasado&#8221;, se comunic\u00f3 oficialmente.<\/p>\n\n\n\n<p>&nbsp;&nbsp; El anuncio de la mejora salarial de bolsillo para los hombres y mujeres de la bonaerense, se confirm\u00f3 horas antes que se lleve a cabo una medida de fuerza convocada para ma\u00f1ana a trav\u00e9s de una cuenta no oficial de Facebook, desde donde la Polic\u00eda anunci\u00f3 una &#8220;retenci\u00f3n de tareas&#8221; en demanda de aumentos.<\/p>\n\n\n\n<p>&nbsp;&nbsp; Con este anuncio Kicillof impidi\u00f3 que el reclamo se convierta en una revuelta similar a la de septiembre del a\u00f1o pasado cuando la polic\u00eda se acuartel\u00f3 y sali\u00f3 a la calle en plena pandemia.<\/p>\n\n\n\n<p>&nbsp;&nbsp; En esta oportunidad, a trav\u00e9s de un comunicado se exigi\u00f3 la &#8220;inmediata incorporaci\u00f3n de los 2.400 compa\u00f1eros desafectados injustamente&#8221;, y una mejora salarial igual que la Polic\u00eda Federal en el escalaf\u00f3n m\u00e1s bajo.<\/p>\n\n\n\n<p>&nbsp;&nbsp; Al respecto, indicaron que un efectivo de la Federal cobra $ 83.696 por mes, mientras que un oficial de La Bonaerense percibe $62.796, unos $20.900 menos, y pidieron un aumento del Gasto de uniformes, horas CO.RE.S y vi\u00e1ticos.<\/p>\n","protected":false},"excerpt":{"rendered":"<p>En medio de una demanda de mayor seguridad ante crecientes hechos de violencia, el gobierno de Axel Kicillof anunci\u00f3 hoy el aumento de salarios y de las horas CORES para&hellip; <\/p>\n","protected":false},"author":2,"featured_media":6013,"comment_status":"closed","ping_status":"open","sticky":false,"template":"","format":"standard","meta":{"footnotes":""},"categories":[24],"tags":[],"class_list":["post-6012","post","type-post","status-publish","format-standard","has-post-thumbnail","hentry","category-provincia"],"_links":{"self":[{"href":"https:\/\/eenergetica.com.ar\/index.php\/wp-json\/wp\/v2\/posts\/6012","targetHints":{"allow":["GET"]}}],"collection":[{"href":"https:\/\/eenergetica.com.ar\/index.php\/wp-json\/wp\/v2\/posts"}],"about":[{"href":"https:\/\/eenergetica.com.ar\/index.php\/wp-json\/wp\/v2\/types\/post"}],"author":[{"embeddable":true,"href":"https:\/\/eenergetica.com.ar\/index.php\/wp-json\/wp\/v2\/users\/2"}],"replies":[{"embeddable":true,"href":"https:\/\/eenergetica.com.ar\/index.php\/wp-json\/wp\/v2\/comments?post=6012"}],"version-history":[{"count":1,"href":"https:\/\/eenergetica.com.ar\/index.php\/wp-json\/wp\/v2\/posts\/6012\/revisions"}],"predecessor-version":[{"id":6014,"href":"https:\/\/eenergetica.com.ar\/index.php\/wp-json\/wp\/v2\/posts\/6012\/revisions\/6014"}],"wp:featuredmedia":[{"embeddable":true,"href":"https:\/\/eenergetica.com.ar\/index.php\/wp-json\/wp\/v2\/media\/6013"}],"wp:attachment":[{"href":"https:\/\/eenergetica.com.ar\/index.php\/wp-json\/wp\/v2\/media?parent=6012"}],"wp:term":[{"taxonomy":"category","embeddable":true,"href":"https:\/\/eenergetica.com.ar\/index.php\/wp-json\/wp\/v2\/categories?post=6012"},{"taxonomy":"post_tag","embeddable":true,"href":"https:\/\/eenergetica.com.ar\/index.php\/wp-json\/wp\/v2\/tags?post=6012"}],"curies":[{"name":"wp","href":"https:\/\/api.w.org\/{rel}","templated":true}]}}