{"id":6006,"date":"2021-10-14T15:21:38","date_gmt":"2021-10-14T18:21:38","guid":{"rendered":"http:\/\/eenergetica.com.ar\/?p=6006"},"modified":"2021-10-14T15:21:39","modified_gmt":"2021-10-14T18:21:39","slug":"al-filo-del-plazo-macri-presento-abogado-y-apelo-la-prohibicion-de-salir-del-pais","status":"publish","type":"post","link":"https:\/\/eenergetica.com.ar\/index.php\/2021\/10\/14\/al-filo-del-plazo-macri-presento-abogado-y-apelo-la-prohibicion-de-salir-del-pais\/","title":{"rendered":"AL FILO DEL PLAZO, MACRI PRESENT\u00d3 ABOGADO Y APEL\u00d3 LA PROHIBICI\u00d3N DE SALIR DEL PA\u00cdS"},"content":{"rendered":"\n<p><strong>El ex presidente Mauricio Macri present\u00f3 hoy abogado y apel\u00f3 su prohibici\u00f3n de salir del pa\u00eds en el marco de la investigaci\u00f3n por supuesto espionaje ilegal contra familiares de los fallecidos en el submarino ARA San Juan.<\/strong><\/p>\n\n\n\n<p>&nbsp; &nbsp;Al filo del plazo, ya que este jueves venc\u00eda el momento en que pod\u00eda presentar representante, el ex mandatario puso abogado ante el Juzgado federal de Dolores, donde tramita la causa en manos del magistrado Mart\u00edn Bava.<\/p>\n\n\n\n<p>&nbsp;&nbsp; Adem\u00e1s de designar un defensor, seg\u00fan supo NA, Macri apel\u00f3 la prohibici\u00f3n de salida del pa\u00eds que dict\u00f3 el juez federal en momentos en que se encontraba fuera de la Argentina.<\/p>\n\n\n\n<p>&nbsp;&nbsp; Bava cit\u00f3 al ex presidente a indagatoria para el pr\u00f3ximo 20 de octubre, acusado del espionaje ilegal sobre familiares de las v\u00edctimas del Ara San Juan, en donde murieron 44 personas.<\/p>\n\n\n\n<p>&nbsp;&nbsp; El ex mandatario se quej\u00f3 de que el juez federal subrogante de Dolores Bava lo citara a indagatoria cuando \u00e9l se encuentra en el exterior y seg\u00fan dej\u00f3 trascender a trav\u00e9s de colaboradores con regreso el pr\u00f3ximo 19 de octubre, con lo cual se prev\u00e9 se presente al d\u00eda siguiente a la indagatoria fijada en aquella ciudad.<\/p>\n\n\n\n<p>&nbsp;&nbsp; Seg\u00fan Macri, la prohibici\u00f3n de salida del pa\u00eds &#8220;carece de todo tipo de fundamentaci\u00f3n, y por ende aniquila y vulnera los derechos, principios y garant\u00edas de defensa en juicio, debido proceso, m\u00ednima intervenci\u00f3n estatal, libre circulaci\u00f3n y tr\u00e1nsito, principio de inocencia, proporcionalidad y razonabilidad&#8221;.<\/p>\n\n\n\n<p>&nbsp;&nbsp; &#8220;La decisi\u00f3n de disponer mi prohibici\u00f3n de salida del pa\u00eds no explica -y sin dudas all\u00ed radica el por qu\u00e9 de su ausencia absoluta de fundamentaci\u00f3n- que tengo arraigo conocido en mi pa\u00eds, donde vivo con mi familia y desarrollo p\u00fablicamente mi actividad pol\u00edtica. La decisi\u00f3n de disponer mi prohibici\u00f3n de salida de pa\u00eds resulta entonces hu\u00e9rfana de toda fundamentaci\u00f3n relacionada a mi persona y situaci\u00f3n, lo cual conculca los derechos, principios y garant\u00edas que me amparan y que informan el debido proceso y la defensa en juicio&#8221;, sostuvo.<\/p>\n\n\n\n<p>&nbsp;&nbsp; Macri fue citado como acusado de ordenar tareas de espionaje ilegal sobre v\u00edctimas del hundido submarino ARA San Juan desde 2017 a 2018 y de haber recibido muchos de esos informes que elabor\u00f3 la Agencia Federal de Inteligencia. Gustavo Arribas y Silvia Majdalani, entonces a cargo del organismo de inteligencia, ya fueron procesados por abuso de autoridad y violar la ley de inteligencia interior.<\/p>\n\n\n\n<p>&nbsp;&nbsp; El ex mandatario hab\u00eda sido citado para el mi\u00e9rcoles 6 pasado, pero peg\u00f3 el faltazo al encontrarse en el exterior tras lo cual ese mismo d\u00eda el magistrado fij\u00f3 la nueva fecha del 20 pr\u00f3ximo.<\/p>\n","protected":false},"excerpt":{"rendered":"<p>El ex presidente Mauricio Macri present\u00f3 hoy abogado y apel\u00f3 su prohibici\u00f3n de salir del pa\u00eds en el marco de la investigaci\u00f3n por supuesto espionaje ilegal contra familiares de los&hellip; <\/p>\n","protected":false},"author":2,"featured_media":6007,"comment_status":"closed","ping_status":"open","sticky":false,"template":"","format":"standard","meta":{"footnotes":""},"categories":[20],"tags":[],"class_list":["post-6006","post","type-post","status-publish","format-standard","has-post-thumbnail","hentry","category-politica"],"_links":{"self":[{"href":"https:\/\/eenergetica.com.ar\/index.php\/wp-json\/wp\/v2\/posts\/6006","targetHints":{"allow":["GET"]}}],"collection":[{"href":"https:\/\/eenergetica.com.ar\/index.php\/wp-json\/wp\/v2\/posts"}],"about":[{"href":"https:\/\/eenergetica.com.ar\/index.php\/wp-json\/wp\/v2\/types\/post"}],"author":[{"embeddable":true,"href":"https:\/\/eenergetica.com.ar\/index.php\/wp-json\/wp\/v2\/users\/2"}],"replies":[{"embeddable":true,"href":"https:\/\/eenergetica.com.ar\/index.php\/wp-json\/wp\/v2\/comments?post=6006"}],"version-history":[{"count":1,"href":"https:\/\/eenergetica.com.ar\/index.php\/wp-json\/wp\/v2\/posts\/6006\/revisions"}],"predecessor-version":[{"id":6008,"href":"https:\/\/eenergetica.com.ar\/index.php\/wp-json\/wp\/v2\/posts\/6006\/revisions\/6008"}],"wp:featuredmedia":[{"embeddable":true,"href":"https:\/\/eenergetica.com.ar\/index.php\/wp-json\/wp\/v2\/media\/6007"}],"wp:attachment":[{"href":"https:\/\/eenergetica.com.ar\/index.php\/wp-json\/wp\/v2\/media?parent=6006"}],"wp:term":[{"taxonomy":"category","embeddable":true,"href":"https:\/\/eenergetica.com.ar\/index.php\/wp-json\/wp\/v2\/categories?post=6006"},{"taxonomy":"post_tag","embeddable":true,"href":"https:\/\/eenergetica.com.ar\/index.php\/wp-json\/wp\/v2\/tags?post=6006"}],"curies":[{"name":"wp","href":"https:\/\/api.w.org\/{rel}","templated":true}]}}