{"id":5955,"date":"2021-10-13T10:58:44","date_gmt":"2021-10-13T13:58:44","guid":{"rendered":"http:\/\/eenergetica.com.ar\/?p=5955"},"modified":"2021-10-13T10:58:45","modified_gmt":"2021-10-13T13:58:45","slug":"empresarios-de-idea-alertan-por-una-profunda-crisis-de-confianza-en-el-pais","status":"publish","type":"post","link":"https:\/\/eenergetica.com.ar\/index.php\/2021\/10\/13\/empresarios-de-idea-alertan-por-una-profunda-crisis-de-confianza-en-el-pais\/","title":{"rendered":"EMPRESARIOS DE IDEA ALERTAN POR UNA &#8220;PROFUNDA CRISIS DE CONFIANZA&#8221; EN EL PA\u00cdS"},"content":{"rendered":"\n<p><strong>La presidenta del 57 Coloquio de IDEA, Paula Altavilla, advirti\u00f3 hoy que la Argentina atraviesa una &#8220;profunda crisis de confianza&#8221; que es &#8220;muy limitante&#8221; tanto para las personas como para las empresas.<\/strong><\/p>\n\n\n\n<p>&nbsp; &nbsp;&#8220;Con nuestro potencial, \u00bfPor qu\u00e9 nos cuesta tanto cambiar la tendencia y crecer en forma genuina y continua?&#8221;, se pregunt\u00f3 la empresaria en la apertura del Coloquio, que se desarrolla en el Centro Costa Salguero, de Capital Federal.<\/p>\n\n\n\n<p>&nbsp;&nbsp; En ese marco, Altavilla consider\u00f3 que &#8220;parecer\u00eda que esta crisis compleja, con componentes econ\u00f3micos, pol\u00edticos, sanitarios, culturales, est\u00e1 anclada en una profunda crisis de confianza&#8221;.<\/p>\n\n\n\n<p>&nbsp;&nbsp; &#8220;Y la falta de confianza es muy limitante. A las personas nos limita a la hora de asumir riesgos para cumplir nuestros sue\u00f1os como el de la casa, o el emprendimiento propio. Y a las organizaciones las limita a actuar pensando s\u00f3lo en el corto plazo&#8221;, a\u00f1adi\u00f3.<\/p>\n\n\n\n<p>&nbsp;&nbsp; Altavilla sostuvo que muchos empresarios &#8220;tuvieron que archivar con tristeza y frustraci\u00f3n proyectos de inversi\u00f3n solamente porque \u2018la volatilidad en Argentina los hac\u00eda demasiado riesgosos\u2019&#8221;.<\/p>\n\n\n\n<p>&nbsp;&nbsp; &#8220;Y es esa sensaci\u00f3n de peligro inminente que genera nuestro desorden macroecon\u00f3mico la que se refleja en la tasa de inversi\u00f3n, que est\u00e1 por debajo del nivel m\u00ednimo necesario para mantener el capital instalado, y en los puestos de trabajo formal privado, que no crecen desde hace una d\u00e9cada&#8221;, a\u00f1adi\u00f3.<\/p>\n\n\n\n<p>&nbsp;&nbsp; A su criterio: &#8220;Hace falta recuperar la confianza para que podamos tomar colectivamente las decisiones de inversi\u00f3n y de generaci\u00f3n de empleo productivo que realmente muevan la aguja del crecimiento, que requieren un horizonte m\u00e1s largo, porque son las decisiones que construyen futuro&#8221;.<\/p>\n\n\n\n<p>&nbsp;&nbsp; Para la empresaria: &#8220;Tenemos que encontrarnos, escucharnos y ponernos de acuerdo en algunos consensos m\u00ednimos para poder empujar todos juntos. El desaf\u00edo es que no estamos acostumbrados a colaborar. Estamos acostumbrados una din\u00e1mica de confrontaci\u00f3n y de puja de intereses&#8221;.<\/p>\n\n\n\n<p>&nbsp;&nbsp; &#8220;La clave est\u00e1 en empezar por un acuerdo m\u00ednimo, a partir de un objetivo en com\u00fan. Hay que generar trabajo genuino y productivo para recuperar el horizonte progreso que nos reclaman y est\u00e1n yendo a buscar muchos de nuestros hijos&#8221;, enfatiz\u00f3.<\/p>\n\n\n\n<p>&nbsp;&nbsp; Tambi\u00e9n, destac\u00f3 que es necesario &#8220;generar las condiciones necesarias para que los emprendedores elijan seguir innovando, creando sus empresas y manteniendo sus casas matrices ac\u00e1&#8221;.<\/p>\n\n\n\n<p>&nbsp;&nbsp; En ese sentido, agreg\u00f3: &#8220;Para eso, sindicatos, movimientos sociales, empresarios, Estado, nos tenemos que poner de acuerdo que queremos que estas empresas se instalen y crezcan en la Argentina&#8221;.<\/p>\n\n\n\n<p>&nbsp;&nbsp; Para Altavilla: &#8220;Los l\u00edderes empresariales, sindicales, sociales y pol\u00edticos argentinos tenemos que tomar una decisi\u00f3n: seguir haciendo lo mismo que venimos haciendo hasta ahora y ser recordados como la generaci\u00f3n responsable de que la Argentina estructuralice este nivel de pobreza y se convierta en un pa\u00eds pobre, de pobreza hereditaria&#8221;.<\/p>\n\n\n\n<p>&nbsp;&nbsp; &#8220;O podemos elegir ser la generaci\u00f3n que cambie la tendencia y genere un punto de inflexi\u00f3n, para que la Argentina vuelva a ser un pa\u00eds de oportunidades&#8221;, concluy\u00f3.<\/p>\n","protected":false},"excerpt":{"rendered":"<p>La presidenta del 57 Coloquio de IDEA, Paula Altavilla, advirti\u00f3 hoy que la Argentina atraviesa una &#8220;profunda crisis de confianza&#8221; que es &#8220;muy limitante&#8221; tanto para las personas como para&hellip; <\/p>\n","protected":false},"author":2,"featured_media":5956,"comment_status":"closed","ping_status":"open","sticky":false,"template":"","format":"standard","meta":{"footnotes":""},"categories":[21],"tags":[],"class_list":["post-5955","post","type-post","status-publish","format-standard","has-post-thumbnail","hentry","category-economia"],"_links":{"self":[{"href":"https:\/\/eenergetica.com.ar\/index.php\/wp-json\/wp\/v2\/posts\/5955","targetHints":{"allow":["GET"]}}],"collection":[{"href":"https:\/\/eenergetica.com.ar\/index.php\/wp-json\/wp\/v2\/posts"}],"about":[{"href":"https:\/\/eenergetica.com.ar\/index.php\/wp-json\/wp\/v2\/types\/post"}],"author":[{"embeddable":true,"href":"https:\/\/eenergetica.com.ar\/index.php\/wp-json\/wp\/v2\/users\/2"}],"replies":[{"embeddable":true,"href":"https:\/\/eenergetica.com.ar\/index.php\/wp-json\/wp\/v2\/comments?post=5955"}],"version-history":[{"count":1,"href":"https:\/\/eenergetica.com.ar\/index.php\/wp-json\/wp\/v2\/posts\/5955\/revisions"}],"predecessor-version":[{"id":5957,"href":"https:\/\/eenergetica.com.ar\/index.php\/wp-json\/wp\/v2\/posts\/5955\/revisions\/5957"}],"wp:featuredmedia":[{"embeddable":true,"href":"https:\/\/eenergetica.com.ar\/index.php\/wp-json\/wp\/v2\/media\/5956"}],"wp:attachment":[{"href":"https:\/\/eenergetica.com.ar\/index.php\/wp-json\/wp\/v2\/media?parent=5955"}],"wp:term":[{"taxonomy":"category","embeddable":true,"href":"https:\/\/eenergetica.com.ar\/index.php\/wp-json\/wp\/v2\/categories?post=5955"},{"taxonomy":"post_tag","embeddable":true,"href":"https:\/\/eenergetica.com.ar\/index.php\/wp-json\/wp\/v2\/tags?post=5955"}],"curies":[{"name":"wp","href":"https:\/\/api.w.org\/{rel}","templated":true}]}}