{"id":5951,"date":"2021-10-12T17:13:55","date_gmt":"2021-10-12T20:13:55","guid":{"rendered":"http:\/\/eenergetica.com.ar\/?p=5951"},"modified":"2021-10-12T17:13:56","modified_gmt":"2021-10-12T20:13:56","slug":"el-indec-dara-a-conocer-el-jueves-la-inflacion-de-septiembre","status":"publish","type":"post","link":"https:\/\/eenergetica.com.ar\/index.php\/2021\/10\/12\/el-indec-dara-a-conocer-el-jueves-la-inflacion-de-septiembre\/","title":{"rendered":"EL INDEC DAR\u00c1 A CONOCER EL JUEVES LA INFLACI\u00d3N DE SEPTIEMBRE"},"content":{"rendered":"\n<p><strong>El Instituto Nacional de Estad\u00edstica y Censos (INDEC) revelar\u00e1 el pr\u00f3ximo jueves la variaci\u00f3n del \u00cdndice de Precios al Consumidor (IPC) de septiembre, que se anticipa en torno al 2,9% en promedio seg\u00fan anticiparon las consultoras privadas.<\/strong><\/p>\n\n\n\n<p>&nbsp; &nbsp;El \u00faltimo relevamiento del organismo estatal, correspondiente a agosto, arroj\u00f3 una inflaci\u00f3n de 2,5%, lo que signific\u00f3 el menor registro desde septiembre del 2020.<\/p>\n\n\n\n<p>&nbsp;&nbsp; El acumulado del presente a\u00f1o se ubic\u00f3 en 32,3 por ciento y el interanual escal\u00f3 al 51,4%.<\/p>\n\n\n\n<p>&nbsp;&nbsp; De esta manera, se evidenciar\u00eda una nueva aceleraci\u00f3n de los precios minoristas, despu\u00e9s de mantenerse en constante descenso desde el pico del 4,8 por ciento alcanzado en marzo.<\/p>\n\n\n\n<p>&nbsp;&nbsp; El ministro de Econom\u00eda, Mart\u00edn Guzm\u00e1n, reconoci\u00f3 el cambio de los registros decrecientes anticipado por las consultoras y que ser\u00e1 ratificado esta semana en el informe del INDEC.<\/p>\n\n\n\n<p>&nbsp;&nbsp; &#8220;La tendencia no es lineal, esper\u00e1bamos un mes donde la tasa de inflaci\u00f3n intermensual aumentase&#8221;, indic\u00f3 Guzm\u00e1n durante la Convenci\u00f3n Anual de la C\u00e1mara Argentina de la Construcci\u00f3n realizada la semana pasada.<\/p>\n\n\n\n<p>&nbsp;&nbsp; El Relevamiento de Expectativas de Mercado (REM), elaborado mensualmente por el Banco Central a partir del aporte de bancos y consultoras privadas, considero que la inflaci\u00f3n esperada para septiembre es del 2,7 por ciento y que 2021 cerrar\u00eda con un incremento en los precios minoristas del 48,4 por ciento.<\/p>\n\n\n\n<p>&nbsp;&nbsp; Mientras que el promedio que se desprende de los datos de diferentes consultoras exhibe una inflaci\u00f3n de 2,9 por ciento, con un m\u00ednimo de 2,5% y un m\u00e1ximo de 3,3%, seg\u00fan Equilibra.<\/p>\n\n\n\n<p>&nbsp;&nbsp; La inflaci\u00f3n anual del 29 por ciento prevista en el Presupuesto 2021 ha quedado lejos de los \u00edndices actuales que ya la ubican en 32,3% para agosto, a falta de contabilizar septiembre y los \u00faltimos tres meses del a\u00f1o.<\/p>\n","protected":false},"excerpt":{"rendered":"<p>El Instituto Nacional de Estad\u00edstica y Censos (INDEC) revelar\u00e1 el pr\u00f3ximo jueves la variaci\u00f3n del \u00cdndice de Precios al Consumidor (IPC) de septiembre, que se anticipa en torno al 2,9%&hellip; <\/p>\n","protected":false},"author":2,"featured_media":0,"comment_status":"closed","ping_status":"open","sticky":false,"template":"","format":"standard","meta":{"footnotes":""},"categories":[21],"tags":[],"class_list":["post-5951","post","type-post","status-publish","format-standard","hentry","category-economia"],"_links":{"self":[{"href":"https:\/\/eenergetica.com.ar\/index.php\/wp-json\/wp\/v2\/posts\/5951","targetHints":{"allow":["GET"]}}],"collection":[{"href":"https:\/\/eenergetica.com.ar\/index.php\/wp-json\/wp\/v2\/posts"}],"about":[{"href":"https:\/\/eenergetica.com.ar\/index.php\/wp-json\/wp\/v2\/types\/post"}],"author":[{"embeddable":true,"href":"https:\/\/eenergetica.com.ar\/index.php\/wp-json\/wp\/v2\/users\/2"}],"replies":[{"embeddable":true,"href":"https:\/\/eenergetica.com.ar\/index.php\/wp-json\/wp\/v2\/comments?post=5951"}],"version-history":[{"count":1,"href":"https:\/\/eenergetica.com.ar\/index.php\/wp-json\/wp\/v2\/posts\/5951\/revisions"}],"predecessor-version":[{"id":5952,"href":"https:\/\/eenergetica.com.ar\/index.php\/wp-json\/wp\/v2\/posts\/5951\/revisions\/5952"}],"wp:attachment":[{"href":"https:\/\/eenergetica.com.ar\/index.php\/wp-json\/wp\/v2\/media?parent=5951"}],"wp:term":[{"taxonomy":"category","embeddable":true,"href":"https:\/\/eenergetica.com.ar\/index.php\/wp-json\/wp\/v2\/categories?post=5951"},{"taxonomy":"post_tag","embeddable":true,"href":"https:\/\/eenergetica.com.ar\/index.php\/wp-json\/wp\/v2\/tags?post=5951"}],"curies":[{"name":"wp","href":"https:\/\/api.w.org\/{rel}","templated":true}]}}