{"id":5586,"date":"2021-10-02T21:14:56","date_gmt":"2021-10-03T00:14:56","guid":{"rendered":"http:\/\/eenergetica.com.ar\/?p=5586"},"modified":"2021-10-02T21:14:56","modified_gmt":"2021-10-03T00:14:56","slug":"terminales-y-sindicatos-respaldaron-eliminacion-de-retenciones-al-complejo-automotriz","status":"publish","type":"post","link":"https:\/\/eenergetica.com.ar\/index.php\/2021\/10\/02\/terminales-y-sindicatos-respaldaron-eliminacion-de-retenciones-al-complejo-automotriz\/","title":{"rendered":"TERMINALES Y SINDICATOS RESPALDARON ELIMINACI\u00d3N DE RETENCIONES AL COMPLEJO AUTOMOTRIZ"},"content":{"rendered":"\n<p><strong>Directivos de terminales automotrices y gremios del sector respaldaron la decisi\u00f3n de eliminar las retenciones a las exportaciones para el a\u00f1o pr\u00f3ximo.<\/strong><\/p>\n\n\n\n<p>&nbsp; &nbsp;El presidente de la ADEFA, Daniel Herrero, dijo que la medida &#8220;le sirve a la industria automotriz para seguir creciendo en ese mercado de exportaciones que ser\u00e1 muy demandante el a\u00f1o pr\u00f3ximo&#8221;.<\/p>\n\n\n\n<p>&nbsp;&nbsp; &#8220;Esta mesa de trabajo donde todos podemos opinar y ver qu\u00e9 es lo mejor, sirve de cara a lo que viene&#8221;, destac\u00f3 el tambi\u00e9n presidente de Toyota.<\/p>\n\n\n\n<p>&nbsp;&nbsp; Herrero sostuvo que la industria &#8220;ratifica el compromiso de seguir creciendo en la Argentina, seguir incluyendo y buscar cada vez m\u00e1s destinos de exportaci\u00f3n&#8221;.<\/p>\n\n\n\n<p>&nbsp;&nbsp; Por su parte, el presidente de FIAT, Mart\u00edn Zuppi, consider\u00f3 &#8220;muy importante poder trabajar con el gobierno, sindicatos y las distintas entidades que forman esta cadena de valor&#8221;.<\/p>\n\n\n\n<p>&nbsp;&nbsp; Zuppi dijo que la medida anunciada permite &#8220;poder enviar nuestros veh\u00edculos al mundo, hacer una empresa y una compa\u00f1\u00eda, una industria mucho m\u00e1s sustentable en la Argentina&#8221;.<\/p>\n\n\n\n<p>&nbsp;&nbsp; &#8220;Sabemos que lo podemos lograr y es important\u00edsimo el hecho de poder juntarnos y hablar este tipo de cosas para poder sustentar la productividad local dentro de lo que es nuestro mercado&#8221;, se\u00f1al\u00f3.<\/p>\n\n\n\n<p>&nbsp;&nbsp; Por su parte, la directora de Asuntos Corporativos de Volkswagen, Mar\u00eda \u00c1ngela Stelzer, se\u00f1al\u00f3 que la medida es &#8220;muy buena para el sector, porque incentiva la producci\u00f3n con la importaci\u00f3n y exportaci\u00f3n, los resultados se vieron en el 2020, desde marzo podemos ver un gran crecimiento en las exportaciones&#8221;.<\/p>\n\n\n\n<p>&nbsp;&nbsp; &#8220;En lo que respecta al grupo Volkswagen Argentina es doblemente bueno ya que incentiva la exportaci\u00f3n de cajas de velocidad&#8221;, dijo Stelzer.<\/p>\n\n\n\n<p>&nbsp;&nbsp; Explic\u00f3 que la empresa tiene una planta en C\u00f3rdoba desde la que se exportan &#8220;un 100% en cajas de velocidad a distintas partes del mundo, y en todo sentido nos beneficia. Esto genera mayor empleo y mejor previsibilidad a futuro&#8221;.<\/p>\n\n\n\n<p>&nbsp;&nbsp; Por su lado, el presidente de la Asociaci\u00f3n de F\u00e1bricas Argentinas de Tractores (AFAT), Ra\u00fal Amil, dijo que &#8220;es importante este tipo de medidas que aumenta la competitividad de nuestros clientes, y por consiguiente, de los autopartistas&#8221;.<\/p>\n\n\n\n<p>&nbsp;&nbsp; &#8220;Toda medida que fomente la competitividad, que aumente la previsibilidad, el estar incluida en el Presupuesto 2022, la vemos como muy positiva, y parte del camino de recuperaci\u00f3n que necesita el sector&#8221;, sostuvo.<\/p>\n\n\n\n<p>&nbsp;&nbsp; Por su parte, el secretario general de la Uni\u00f3n Obrera Metal\u00fargica, Antonio Cal\u00f3, dijo que la medida &#8220;genera m\u00e1s trabajo, m\u00e1s exportaci\u00f3n automotriz, y cuando hay m\u00e1s exportaci\u00f3n quiere decir que va a haber m\u00e1s producci\u00f3n y m\u00e1s trabajo formal&#8221;.<\/p>\n\n\n\n<p>&nbsp;&nbsp; &#8220;Esto es combatir la desocupaci\u00f3n, la pobreza y hay que seguir con estas medidas que el barco va por buen rumbo y este es el camino correcto&#8221;, destac\u00f3.<\/p>\n","protected":false},"excerpt":{"rendered":"<p>Directivos de terminales automotrices y gremios del sector respaldaron la decisi\u00f3n de eliminar las retenciones a las exportaciones para el a\u00f1o pr\u00f3ximo. &nbsp; &nbsp;El presidente de la ADEFA, Daniel Herrero,&hellip; <\/p>\n","protected":false},"author":2,"featured_media":5587,"comment_status":"closed","ping_status":"open","sticky":false,"template":"","format":"standard","meta":{"footnotes":""},"categories":[21],"tags":[],"class_list":["post-5586","post","type-post","status-publish","format-standard","has-post-thumbnail","hentry","category-economia"],"_links":{"self":[{"href":"https:\/\/eenergetica.com.ar\/index.php\/wp-json\/wp\/v2\/posts\/5586","targetHints":{"allow":["GET"]}}],"collection":[{"href":"https:\/\/eenergetica.com.ar\/index.php\/wp-json\/wp\/v2\/posts"}],"about":[{"href":"https:\/\/eenergetica.com.ar\/index.php\/wp-json\/wp\/v2\/types\/post"}],"author":[{"embeddable":true,"href":"https:\/\/eenergetica.com.ar\/index.php\/wp-json\/wp\/v2\/users\/2"}],"replies":[{"embeddable":true,"href":"https:\/\/eenergetica.com.ar\/index.php\/wp-json\/wp\/v2\/comments?post=5586"}],"version-history":[{"count":1,"href":"https:\/\/eenergetica.com.ar\/index.php\/wp-json\/wp\/v2\/posts\/5586\/revisions"}],"predecessor-version":[{"id":5588,"href":"https:\/\/eenergetica.com.ar\/index.php\/wp-json\/wp\/v2\/posts\/5586\/revisions\/5588"}],"wp:featuredmedia":[{"embeddable":true,"href":"https:\/\/eenergetica.com.ar\/index.php\/wp-json\/wp\/v2\/media\/5587"}],"wp:attachment":[{"href":"https:\/\/eenergetica.com.ar\/index.php\/wp-json\/wp\/v2\/media?parent=5586"}],"wp:term":[{"taxonomy":"category","embeddable":true,"href":"https:\/\/eenergetica.com.ar\/index.php\/wp-json\/wp\/v2\/categories?post=5586"},{"taxonomy":"post_tag","embeddable":true,"href":"https:\/\/eenergetica.com.ar\/index.php\/wp-json\/wp\/v2\/tags?post=5586"}],"curies":[{"name":"wp","href":"https:\/\/api.w.org\/{rel}","templated":true}]}}