{"id":5583,"date":"2021-10-02T21:12:14","date_gmt":"2021-10-03T00:12:14","guid":{"rendered":"http:\/\/eenergetica.com.ar\/?p=5583"},"modified":"2021-10-02T21:12:14","modified_gmt":"2021-10-03T00:12:14","slug":"el-gobierno-eliminara-retenciones-a-exportaciones-automotrices-siempre-que-superen-las-del-ano-anterior","status":"publish","type":"post","link":"https:\/\/eenergetica.com.ar\/index.php\/2021\/10\/02\/el-gobierno-eliminara-retenciones-a-exportaciones-automotrices-siempre-que-superen-las-del-ano-anterior\/","title":{"rendered":"EL GOBIERNO ELIMINAR\u00c1 RETENCIONES A EXPORTACIONES AUTOMOTRICES SIEMPRE QUE SUPEREN LAS DEL A\u00d1O ANTERIOR"},"content":{"rendered":"\n<p><strong>El Gobierno anunci\u00f3 que eliminar\u00e1 a partir de enero pr\u00f3ximo las retenciones a las exportaciones de autos y autopartes que superen los niveles de comercializaci\u00f3n con el exterior del a\u00f1o anterior.<\/strong><\/p>\n\n\n\n<p>&nbsp; &nbsp;La medida fue anunciada por los ministros de Econom\u00eda, Mart\u00edn Guzm\u00e1n, y de Desarrollo Productivo, Mat\u00edas Kulfas, en un encuentro con industriales y gremios que componen el sector, realizado en el Palacio de Hacienda.<\/p>\n\n\n\n<p>&nbsp;&nbsp; Econom\u00eda explic\u00f3 que la decisi\u00f3n implica un r\u00e9gimen ampliado de lo establecido en el decreto 150\/2021 que vence el 31 de diciembre de este a\u00f1o.<\/p>\n\n\n\n<p>&nbsp;&nbsp; Econom\u00eda se\u00f1al\u00f3 que la eliminaci\u00f3n &#8220;busca promover las exportaciones del sector automotriz, veh\u00edculos y autopartes, mediante la desgravaci\u00f3n de exportaciones incrementales&#8221;.<\/p>\n\n\n\n<p>&nbsp;&nbsp; &#8220;Se apunta al desarrollo de la industria argentina, con eje en la agregaci\u00f3n de valor y la creaci\u00f3n de empleo para la recuperaci\u00f3n econ\u00f3mica&#8221;, indic\u00f3.<\/p>\n\n\n\n<p>&nbsp;&nbsp; Seg\u00fan datos del INDEC, el complejo automotriz export\u00f3 durante 2019 por USD 7.126 millones que representaron el 7,9% de las exportaciones.<\/p>\n\n\n\n<p>&nbsp;&nbsp; En el 2020, las exportaciones, con la industria afectada por la pandemia, llegaron a USD 4.309 millones, y representaron el 7,9% del total de ventas al exterior.<\/p>\n\n\n\n<p>&nbsp;&nbsp; Este a\u00f1o, las exportaciones del polo automotriz llegaron, seg\u00fan las \u00faltimas cifras del INDEC, en el primer semestre a USD 3.038 millones, con un aumento del 77% interanual y un 8,6% de las ventas totales.<\/p>\n\n\n\n<p>&nbsp;&nbsp; Econom\u00eda inform\u00f3 que las exportaciones de enero a agosto acumularon US$ 3.985 millones, superando el total exportado en todo el 2020.<\/p>\n\n\n\n<p>&nbsp;&nbsp; El anuncio oficial explic\u00f3 que el a\u00f1o pr\u00f3ximo las empresas &#8220;continuar\u00e1n tributando con las al\u00edcuotas actuales hasta un monto equivalente a las exportaciones del a\u00f1o 2020 y, por las exportaciones adicionales, dejan de tributar &#8220;derechos de exportaci\u00f3n&#8221;.<\/p>\n\n\n\n<p>&nbsp;&nbsp; Las terminales y autopartes del sector automotriz &#8220;solo pagar\u00e1n derechos de exportaci\u00f3n hasta el monto de las exportaciones facturado en 2020 (4,5% o 3%) y una vez superado ese nivel, tributar\u00e1n 0% para las nuevas exportaciones o exportaciones incrementales&#8221;.<\/p>\n\n\n\n<p>&nbsp;&nbsp; En 2018, el gobierno anterior comenz\u00f3 a aplicar una al\u00edcuota efectiva del 7,5% ($3 por cada d\u00f3lar exportado) para todos los productos de la industria automotriz.<\/p>\n\n\n\n<p>&nbsp;&nbsp; Seg\u00fan Econom\u00eda, esa decisi\u00f3n &#8220;se trat\u00f3 de una medida fiscalista que rest\u00f3 competitividad e increment\u00f3 los tributos en un contexto de fuerte crisis macroecon\u00f3mica, lo que termin\u00f3 por generar una contracci\u00f3n del sector superior al 20% anual en 2019&#8221;.<\/p>\n\n\n\n<p>&nbsp;&nbsp; El comunicado se\u00f1al\u00f3 que la Ley de Solidaridad Social &#8220;estableci\u00f3 una pol\u00edtica de reducci\u00f3n de los derechos de exportaci\u00f3n de mayor valor agregado (industria, econom\u00edas regionales y servicios), cuidando la sostenibilidad fiscal, promoviendo el empleo y el dinamismo productivo con un sentido federal&#8221;.<\/p>\n\n\n\n<p>&nbsp;&nbsp; A principios del 2021 se aplic\u00f3 con \u00e9xito un esquema de retenciones incrementales, que se tradujo en un sostenido crecimiento de las exportaciones.<\/p>\n\n\n\n<p>&nbsp;&nbsp; &#8220;Por ello, se decidi\u00f3 prorrogar y ampliar este esquema, manteniendo la base del per\u00edodo 2020 e incorporando a las autopartes que a\u00fan tributan derechos de exportaci\u00f3n dentro del mismo esquema&#8221;, se\u00f1al\u00f3 Econom\u00eda. .<\/p>\n","protected":false},"excerpt":{"rendered":"<p>El Gobierno anunci\u00f3 que eliminar\u00e1 a partir de enero pr\u00f3ximo las retenciones a las exportaciones de autos y autopartes que superen los niveles de comercializaci\u00f3n con el exterior del a\u00f1o&hellip; <\/p>\n","protected":false},"author":2,"featured_media":5584,"comment_status":"closed","ping_status":"open","sticky":false,"template":"","format":"standard","meta":{"footnotes":""},"categories":[21],"tags":[],"class_list":["post-5583","post","type-post","status-publish","format-standard","has-post-thumbnail","hentry","category-economia"],"_links":{"self":[{"href":"https:\/\/eenergetica.com.ar\/index.php\/wp-json\/wp\/v2\/posts\/5583","targetHints":{"allow":["GET"]}}],"collection":[{"href":"https:\/\/eenergetica.com.ar\/index.php\/wp-json\/wp\/v2\/posts"}],"about":[{"href":"https:\/\/eenergetica.com.ar\/index.php\/wp-json\/wp\/v2\/types\/post"}],"author":[{"embeddable":true,"href":"https:\/\/eenergetica.com.ar\/index.php\/wp-json\/wp\/v2\/users\/2"}],"replies":[{"embeddable":true,"href":"https:\/\/eenergetica.com.ar\/index.php\/wp-json\/wp\/v2\/comments?post=5583"}],"version-history":[{"count":1,"href":"https:\/\/eenergetica.com.ar\/index.php\/wp-json\/wp\/v2\/posts\/5583\/revisions"}],"predecessor-version":[{"id":5585,"href":"https:\/\/eenergetica.com.ar\/index.php\/wp-json\/wp\/v2\/posts\/5583\/revisions\/5585"}],"wp:featuredmedia":[{"embeddable":true,"href":"https:\/\/eenergetica.com.ar\/index.php\/wp-json\/wp\/v2\/media\/5584"}],"wp:attachment":[{"href":"https:\/\/eenergetica.com.ar\/index.php\/wp-json\/wp\/v2\/media?parent=5583"}],"wp:term":[{"taxonomy":"category","embeddable":true,"href":"https:\/\/eenergetica.com.ar\/index.php\/wp-json\/wp\/v2\/categories?post=5583"},{"taxonomy":"post_tag","embeddable":true,"href":"https:\/\/eenergetica.com.ar\/index.php\/wp-json\/wp\/v2\/tags?post=5583"}],"curies":[{"name":"wp","href":"https:\/\/api.w.org\/{rel}","templated":true}]}}