{"id":5440,"date":"2021-09-29T13:04:27","date_gmt":"2021-09-29T16:04:27","guid":{"rendered":"http:\/\/eenergetica.com.ar\/?p=5440"},"modified":"2021-09-29T13:04:27","modified_gmt":"2021-09-29T16:04:27","slug":"julian-dominguez-la-exportacion-no-podra-superar-nunca-el-24-de-la-produccion-de-carne","status":"publish","type":"post","link":"https:\/\/eenergetica.com.ar\/index.php\/2021\/09\/29\/julian-dominguez-la-exportacion-no-podra-superar-nunca-el-24-de-la-produccion-de-carne\/","title":{"rendered":"JULI\u00c1N DOM\u00cdNGUEZ: &#8220;LA EXPORTACI\u00d3N NO PODR\u00c1 SUPERAR NUNCA EL 24% DE LA PRODUCCI\u00d3N DE CARNE&#8221;"},"content":{"rendered":"\n<p><strong>El ministro de Agricultura, Juli\u00e1n Dom\u00ednguez, asegur\u00f3 que la exportaci\u00f3n de carne &#8220;no podr\u00e1 superar nunca el 24% de la producci\u00f3n total&#8221;, y reconoci\u00f3 que el sector ganadero necesita &#8220;reglas claras y previsibles&#8221;.<\/strong><\/p>\n\n\n\n<p>&nbsp; &nbsp;&#8220;Mientras yo sea ministro, hay una ecuaci\u00f3n que es estad\u00edstica: la exportaci\u00f3n no puede superar nunca entre el 22% y el 24% del total de producci\u00f3n de carne. No nos vamos a mover de eso. Estos son negocios que necesitan reglas claras y previsibles&#8221;, enfatiz\u00f3 el funcionario.<\/p>\n\n\n\n<p>&nbsp;&nbsp; Con relaci\u00f3n al resultado de la reuni\u00f3n que el martes mantuvo con la Mesa de Enlace, coment\u00f3: &#8220;El acuerdo pactado en la \u00f3rbita del Ministerio de Producci\u00f3n contin\u00faa hasta el 31 de diciembre. Lo que cambia es resolver el problema de 140 mil vacas de faena, vacas viejas, que el mercado interno no consume y que est\u00e1 en manos de peque\u00f1os y medianos productores&#8221;.<\/p>\n\n\n\n<p>&nbsp;&nbsp; En ese encuentro -del que tambi\u00e9n participaron varios gobernadores- se anunci\u00f3 que el Gobierno flexibilizar\u00e1 desde el lunes pr\u00f3ximo el cepo a las exportaciones de carne y rehabilitar\u00e1 las ventas de vaca &#8220;vieja&#8221; a China.<\/p>\n\n\n\n<p>&nbsp;&nbsp; En declaraciones a un canal de noticias, Dom\u00ednguez asegur\u00f3 que el cepo continuar\u00e1 para las exportaciones de cortes &#8220;populares&#8221;, y consider\u00f3 que &#8220;no hay ninguna raz\u00f3n para que el precio del asado suba de vuelta&#8221;.<\/p>\n\n\n\n<p>&nbsp;&nbsp; &#8220;Es un compromiso que tiene el Gobierno con cuidar el acceso de la carne que, para nosotros, es un bien cultural&#8221;, resalt\u00f3.<\/p>\n\n\n\n<p>&nbsp;&nbsp; La suspensi\u00f3n de las exportaciones de carne comenz\u00f3 a regir en mayo de este a\u00f1o, con el objetivo de bajar los precios en el mercado interno.<\/p>\n\n\n\n<p>&nbsp;&nbsp; En ese momento, la medida se tom\u00f3 por 30 d\u00edas, pero fue prorrogada.<\/p>\n\n\n\n<p>&nbsp;&nbsp; El titular de Agricultura coment\u00f3 que su &#8220;filosof\u00eda&#8221; es que &#8220;no se debe alterar la ecuaci\u00f3n alimentaria de los argentinos&#8221;.<\/p>\n\n\n\n<p>&nbsp;&nbsp; &#8220;No trabajo para un voto mas o un voto menos. El Presidente nos encomend\u00f3 recuperar el di\u00e1logo como instrumento para el progreso y el crecimiento que la pandemia ha paralizado&#8221;, subray\u00f3.<\/p>\n\n\n\n<p>&nbsp;&nbsp; Y se\u00f1al\u00f3 adem\u00e1s que &#8220;se ha exportado m\u00e1s de lo que Argentina produce y de lo que es el precio de la faena&#8221;.<\/p>\n\n\n\n<p>&nbsp;&nbsp; A su criterio: &#8220;En la prioridad del Presidente siempre estuvieron los \u00faltimos. Si la Argentina se puede poner de pie es porque no cerr\u00f3 ninguna empresa, las actividades siguieron financiadas por el propio Estado y los trabajadores cobraron esa asistencia&#8221;.<\/p>\n\n\n\n<p>&nbsp;&nbsp; &#8220;Por eso nos critican y nos dicen populistas, pero&#8230; \u00bfQu\u00e9 vamos a hacer con el hambre y el dolor de la gente?. Hay que encontrar soluciones&#8221;, concluy\u00f3 Dom\u00ednguez.<\/p>\n","protected":false},"excerpt":{"rendered":"<p>El ministro de Agricultura, Juli\u00e1n Dom\u00ednguez, asegur\u00f3 que la exportaci\u00f3n de carne &#8220;no podr\u00e1 superar nunca el 24% de la producci\u00f3n total&#8221;, y reconoci\u00f3 que el sector ganadero necesita &#8220;reglas&hellip; <\/p>\n","protected":false},"author":2,"featured_media":5441,"comment_status":"closed","ping_status":"open","sticky":false,"template":"","format":"standard","meta":{"footnotes":""},"categories":[21],"tags":[],"class_list":["post-5440","post","type-post","status-publish","format-standard","has-post-thumbnail","hentry","category-economia"],"_links":{"self":[{"href":"https:\/\/eenergetica.com.ar\/index.php\/wp-json\/wp\/v2\/posts\/5440","targetHints":{"allow":["GET"]}}],"collection":[{"href":"https:\/\/eenergetica.com.ar\/index.php\/wp-json\/wp\/v2\/posts"}],"about":[{"href":"https:\/\/eenergetica.com.ar\/index.php\/wp-json\/wp\/v2\/types\/post"}],"author":[{"embeddable":true,"href":"https:\/\/eenergetica.com.ar\/index.php\/wp-json\/wp\/v2\/users\/2"}],"replies":[{"embeddable":true,"href":"https:\/\/eenergetica.com.ar\/index.php\/wp-json\/wp\/v2\/comments?post=5440"}],"version-history":[{"count":1,"href":"https:\/\/eenergetica.com.ar\/index.php\/wp-json\/wp\/v2\/posts\/5440\/revisions"}],"predecessor-version":[{"id":5442,"href":"https:\/\/eenergetica.com.ar\/index.php\/wp-json\/wp\/v2\/posts\/5440\/revisions\/5442"}],"wp:featuredmedia":[{"embeddable":true,"href":"https:\/\/eenergetica.com.ar\/index.php\/wp-json\/wp\/v2\/media\/5441"}],"wp:attachment":[{"href":"https:\/\/eenergetica.com.ar\/index.php\/wp-json\/wp\/v2\/media?parent=5440"}],"wp:term":[{"taxonomy":"category","embeddable":true,"href":"https:\/\/eenergetica.com.ar\/index.php\/wp-json\/wp\/v2\/categories?post=5440"},{"taxonomy":"post_tag","embeddable":true,"href":"https:\/\/eenergetica.com.ar\/index.php\/wp-json\/wp\/v2\/tags?post=5440"}],"curies":[{"name":"wp","href":"https:\/\/api.w.org\/{rel}","templated":true}]}}