{"id":5410,"date":"2021-09-28T10:58:22","date_gmt":"2021-09-28T13:58:22","guid":{"rendered":"http:\/\/eenergetica.com.ar\/?p=5410"},"modified":"2021-09-28T10:58:22","modified_gmt":"2021-09-28T13:58:22","slug":"impasse-en-diputados-no-sesiona-desde-hace-casi-tres-meses-y-jxc-avisa-que-la-resolucion-de-massa-no-tiene-validez","status":"publish","type":"post","link":"https:\/\/eenergetica.com.ar\/index.php\/2021\/09\/28\/impasse-en-diputados-no-sesiona-desde-hace-casi-tres-meses-y-jxc-avisa-que-la-resolucion-de-massa-no-tiene-validez\/","title":{"rendered":"IMPASSE EN DIPUTADOS: NO SESIONA DESDE HACE CASI TRES MESES Y JXC AVISA QUE &#8220;LA RESOLUCI\u00d3N DE MASSA NO TIENE VALIDEZ&#8221;"},"content":{"rendered":"\n<p><strong>La C\u00e1mara de Diputados sigue sin reunirse para votar leyes desde hace casi tres meses, cuando entr\u00f3 en modo pausa por la campa\u00f1a electoral, y todav\u00eda es incierta la fecha en la que el recinto podr\u00eda volver a deliberar en medio de desacuerdos entre el oficialismo y la oposici\u00f3n respecto a la modalidad de las sesiones.<\/strong><\/p>\n\n\n\n<p>&nbsp; &nbsp;El 8 de julio pasado, el entonces jefe de Gabinete Santiago Cafiero se present\u00f3 ante la C\u00e1mara baja para brindar un informe sobre la marcha de la gesti\u00f3n, y el 23 de ese mes venci\u00f3 el protocolo de funcionamiento remoto.<\/p>\n\n\n\n<p>&nbsp;&nbsp; A nadie inquiet\u00f3 demasiado esa situaci\u00f3n, que oficialmente paralizaba la actividad parlamentaria, ya que la energ\u00eda de los distintos espacios pol\u00edticos estaba puesta en la campa\u00f1a electoral de cara a las PASO del 12 de septiembre.<\/p>\n\n\n\n<p>&nbsp;&nbsp; Pasadas las elecciones primarias, el Gobierno nacional dispuso dar de baja muchas de las restricciones sanitarias vigentes hasta la fecha, y en la C\u00e1mara de Diputados se dispuso tomar decisiones en espejo y retomar la l\u00f3gica de la presencialidad pre-pand\u00e9mica.<\/p>\n\n\n\n<p>&nbsp;&nbsp; El presidente del cuerpo, Sergio Massa, firm\u00f3 el jueves pasado la resoluci\u00f3n 672\/21 que establece un Protocolo de Recinto Protegido que propone la vuelta de la presencialidad pero no de forma plena, ya que garantiza la participaci\u00f3n remota por VPN de los diputados que conforman grupos de riesgo sanitario, y que quedan exceptuados de concurrir al recinto.<\/p>\n\n\n\n<p>&nbsp;&nbsp; La resoluci\u00f3n tambi\u00e9n habilita a que las comisiones puedan seguir funcionando de forma remota, un aspecto que tambi\u00e9n discute el principal interbloque opositor.<\/p>\n\n\n\n<p>&nbsp;&nbsp; Seg\u00fan se\u00f1alaron a NA fuentes parlamentarias de Juntos por el Cambio, &#8220;la resoluci\u00f3n de Massa no tiene validez&#8221; ya que &#8220;no puede modificar el reglamento por resoluci\u00f3n&#8221;.<\/p>\n\n\n\n<p>&nbsp;&nbsp; &#8220;De todas maneras, est\u00e1 vigente el reglamento de siempre. As\u00ed que puede convocar a una sesi\u00f3n y se hace presencial sin ning\u00fan problema&#8221;, agregaron.<\/p>\n\n\n\n<p>&nbsp;&nbsp; Concretamente, Juntos por el Cambio propone retomar exactamente el funcionamiento que ten\u00eda Diputados antes de la pandemia cuando no exist\u00eda ning\u00fan tipo de formato virtual, y aquellos diputados que no estaban sentados en sus bancas al comienzo de la sesi\u00f3n no aportaban al qu\u00f3rum y se registraban como ausentes.<\/p>\n\n\n\n<p>&nbsp;&nbsp; En este punto, volvieron a instalarse las discusiones entre el Frente de Todos y Juntos por el Cambio, en una suerte de &#8220;revival&#8221; de las diferencias del a\u00f1o pasado cuando se gener\u00f3 un &#8220;impasse&#8221; de varias semanas, ya que el oficialismo se aferraba a un esquema de sesiones virtuales mientras que la oposici\u00f3n mayoritaria reclamaba la vuelta de la presencialidad.<\/p>\n\n\n\n<p>&nbsp;&nbsp; La oposici\u00f3n considera que la resoluci\u00f3n de Massa fue determinada &#8220;unilateralmente, excediendo las facultades que tiene la Presidencia de la C\u00e1mara de Diputados&#8221;.<\/p>\n\n\n\n<p>&nbsp;&nbsp; &#8220;La resoluci\u00f3n implica un cambio al Reglamento y esto exige no s\u00f3lo la participaci\u00f3n de los bloques en su redacci\u00f3n si no que tres cuartas partes de los presentes en una sesi\u00f3n voten afirmativamente&#8221;, se quejaron los integrantes del bloque opositor.<\/p>\n\n\n\n<p>&nbsp;&nbsp; Adem\u00e1s, el interbloque que lidera el radical Mario Negri &#8220;no est\u00e1 de acuerdo en el trabajo remoto de las comisiones, salvo que sean reuniones informativas para lo cual ya estaba establecida esta opci\u00f3n en el Reglamento (no hace falta introducir nada)&#8221;.<\/p>\n","protected":false},"excerpt":{"rendered":"<p>La C\u00e1mara de Diputados sigue sin reunirse para votar leyes desde hace casi tres meses, cuando entr\u00f3 en modo pausa por la campa\u00f1a electoral, y todav\u00eda es incierta la fecha&hellip; <\/p>\n","protected":false},"author":2,"featured_media":5411,"comment_status":"closed","ping_status":"open","sticky":false,"template":"","format":"standard","meta":{"footnotes":""},"categories":[24],"tags":[],"class_list":["post-5410","post","type-post","status-publish","format-standard","has-post-thumbnail","hentry","category-provincia"],"_links":{"self":[{"href":"https:\/\/eenergetica.com.ar\/index.php\/wp-json\/wp\/v2\/posts\/5410","targetHints":{"allow":["GET"]}}],"collection":[{"href":"https:\/\/eenergetica.com.ar\/index.php\/wp-json\/wp\/v2\/posts"}],"about":[{"href":"https:\/\/eenergetica.com.ar\/index.php\/wp-json\/wp\/v2\/types\/post"}],"author":[{"embeddable":true,"href":"https:\/\/eenergetica.com.ar\/index.php\/wp-json\/wp\/v2\/users\/2"}],"replies":[{"embeddable":true,"href":"https:\/\/eenergetica.com.ar\/index.php\/wp-json\/wp\/v2\/comments?post=5410"}],"version-history":[{"count":1,"href":"https:\/\/eenergetica.com.ar\/index.php\/wp-json\/wp\/v2\/posts\/5410\/revisions"}],"predecessor-version":[{"id":5412,"href":"https:\/\/eenergetica.com.ar\/index.php\/wp-json\/wp\/v2\/posts\/5410\/revisions\/5412"}],"wp:featuredmedia":[{"embeddable":true,"href":"https:\/\/eenergetica.com.ar\/index.php\/wp-json\/wp\/v2\/media\/5411"}],"wp:attachment":[{"href":"https:\/\/eenergetica.com.ar\/index.php\/wp-json\/wp\/v2\/media?parent=5410"}],"wp:term":[{"taxonomy":"category","embeddable":true,"href":"https:\/\/eenergetica.com.ar\/index.php\/wp-json\/wp\/v2\/categories?post=5410"},{"taxonomy":"post_tag","embeddable":true,"href":"https:\/\/eenergetica.com.ar\/index.php\/wp-json\/wp\/v2\/tags?post=5410"}],"curies":[{"name":"wp","href":"https:\/\/api.w.org\/{rel}","templated":true}]}}