{"id":5407,"date":"2021-09-28T10:53:39","date_gmt":"2021-09-28T13:53:39","guid":{"rendered":"http:\/\/eenergetica.com.ar\/?p=5407"},"modified":"2021-09-28T10:53:39","modified_gmt":"2021-09-28T13:53:39","slug":"polemica-por-un-proyecto-de-la-legislatura-portena-para-crear-una-nueva-instancia-judicial-antes-de-la-corte","status":"publish","type":"post","link":"https:\/\/eenergetica.com.ar\/index.php\/2021\/09\/28\/polemica-por-un-proyecto-de-la-legislatura-portena-para-crear-una-nueva-instancia-judicial-antes-de-la-corte\/","title":{"rendered":"POL\u00c9MICA POR UN PROYECTO DE LA LEGISLATURA PORTE\u00d1A PARA CREAR UNA NUEVA INSTANCIA JUDICIAL ANTES DE LA CORTE"},"content":{"rendered":"\n<p><strong>La decisi\u00f3n de la Legislatura porte\u00f1a de tratar un proyecto de ley que crea una nueva instancia de revisi\u00f3n de los fallos de los tribunales nacionales, en especial de los fueros civil y comercial, gener\u00f3 una \u00e1spera pol\u00e9mica que amenaza con llegar hasta la Corte Suprema de Justicia.<\/strong><\/p>\n\n\n\n<p>&nbsp; &nbsp;Se trata de dos iniciativas orientadas en el mismo sentido, que instrumentan una instancia intermedia entre las C\u00e1maras de Apelaciones y la Corte Suprema, el Tribunal Superior de Justicia (TSJ) porte\u00f1o.<\/p>\n\n\n\n<p>&nbsp;&nbsp; En la actualidad, cuando un juez de primera instancia de los fueros civil o comercial dictan un fallo, el organismo que lo revisa en apelaci\u00f3n es la C\u00e1mara del fuero.<\/p>\n\n\n\n<p>&nbsp;&nbsp; El fallo de C\u00e1mara s\u00f3lo es apelable ante la Corte Suprema, pero las iniciativas que busca tratar el parlamento porte\u00f1o, invocando una antigua ley de transferencia de competencias desde la Justicia nacional a la local (que nunca termin\u00f3 de completarse) apunta a crear una instancia intermedia previa a la Corte.<\/p>\n\n\n\n<p>&nbsp;&nbsp; Por v\u00eda pretoriana, ya hubo dos intentos: uno en un juicio civil en el que los deudos del artista pl\u00e1stico Le\u00f3n Ferrari le reclaman una rendici\u00f3n de cuentas al periodista Gabriel Levinas por la venta de unos cuadros, y el otro en el proceso comercial que termin\u00f3 con la declaraci\u00f3n de quiebra de la empresa Correo Argentino S.A.<\/p>\n\n\n\n<p>&nbsp;&nbsp; En ambos casos hubo dict\u00e1menes en contra de la Procuraci\u00f3n General de la Naci\u00f3n y los planteos est\u00e1n en la Corte Suprema.<\/p>\n\n\n\n<p>&nbsp;&nbsp; El Colegio P\u00fablico de Abogados de la Capital Federal emiti\u00f3 en las \u00faltimas horas un comunicado en el que se manifest\u00f3 &#8220;azorado&#8221; ante los proyectos que prev\u00e9 tratar la Legislatura, que &#8220;pretenden pulverizar la forma de estado federal consagrada por el art\u00edculo 1 de la Constituci\u00f3n Nacional&#8221;.<\/p>\n\n\n\n<p>&nbsp;&nbsp; &#8220;Se intenta mediante un proyecto de ley la vulneraci\u00f3n de la regla de la doble v\u00eda antes de intentar llegar a la Corte Suprema e introducir inconstitucionalmente una tercera&#8221;, advirti\u00f3 la entidad que nuclea a los abogados porte\u00f1os.<\/p>\n\n\n\n<p>&nbsp;&nbsp; Los dos expedientes en los que se intent\u00f3 la intervenci\u00f3n del Tribunal Superior de Justicia porte\u00f1o como &#8220;alzada&#8221; de los tribunales nacionales no federales ya fueron rechazados por las respectivas C\u00e1maras de apelaciones. Las C\u00e1maras desconocieron al TSJ como su tribunal jer\u00e1rquico superior ni admitieron que pudieran revisar sus fallos.<\/p>\n","protected":false},"excerpt":{"rendered":"<p>La decisi\u00f3n de la Legislatura porte\u00f1a de tratar un proyecto de ley que crea una nueva instancia de revisi\u00f3n de los fallos de los tribunales nacionales, en especial de los&hellip; <\/p>\n","protected":false},"author":2,"featured_media":5408,"comment_status":"closed","ping_status":"open","sticky":false,"template":"","format":"standard","meta":{"footnotes":""},"categories":[20],"tags":[],"class_list":["post-5407","post","type-post","status-publish","format-standard","has-post-thumbnail","hentry","category-politica"],"_links":{"self":[{"href":"https:\/\/eenergetica.com.ar\/index.php\/wp-json\/wp\/v2\/posts\/5407","targetHints":{"allow":["GET"]}}],"collection":[{"href":"https:\/\/eenergetica.com.ar\/index.php\/wp-json\/wp\/v2\/posts"}],"about":[{"href":"https:\/\/eenergetica.com.ar\/index.php\/wp-json\/wp\/v2\/types\/post"}],"author":[{"embeddable":true,"href":"https:\/\/eenergetica.com.ar\/index.php\/wp-json\/wp\/v2\/users\/2"}],"replies":[{"embeddable":true,"href":"https:\/\/eenergetica.com.ar\/index.php\/wp-json\/wp\/v2\/comments?post=5407"}],"version-history":[{"count":1,"href":"https:\/\/eenergetica.com.ar\/index.php\/wp-json\/wp\/v2\/posts\/5407\/revisions"}],"predecessor-version":[{"id":5409,"href":"https:\/\/eenergetica.com.ar\/index.php\/wp-json\/wp\/v2\/posts\/5407\/revisions\/5409"}],"wp:featuredmedia":[{"embeddable":true,"href":"https:\/\/eenergetica.com.ar\/index.php\/wp-json\/wp\/v2\/media\/5408"}],"wp:attachment":[{"href":"https:\/\/eenergetica.com.ar\/index.php\/wp-json\/wp\/v2\/media?parent=5407"}],"wp:term":[{"taxonomy":"category","embeddable":true,"href":"https:\/\/eenergetica.com.ar\/index.php\/wp-json\/wp\/v2\/categories?post=5407"},{"taxonomy":"post_tag","embeddable":true,"href":"https:\/\/eenergetica.com.ar\/index.php\/wp-json\/wp\/v2\/tags?post=5407"}],"curies":[{"name":"wp","href":"https:\/\/api.w.org\/{rel}","templated":true}]}}