{"id":5308,"date":"2021-09-25T17:55:00","date_gmt":"2021-09-25T20:55:00","guid":{"rendered":"http:\/\/eenergetica.com.ar\/?p=5308"},"modified":"2021-09-26T17:58:55","modified_gmt":"2021-09-26T20:58:55","slug":"vidal-cuestiono-los-parches-y-manotazos-de-ahogado-del-gobierno-tras-la-derrota-en-las-paso","status":"publish","type":"post","link":"https:\/\/eenergetica.com.ar\/index.php\/2021\/09\/25\/vidal-cuestiono-los-parches-y-manotazos-de-ahogado-del-gobierno-tras-la-derrota-en-las-paso\/","title":{"rendered":"VIDAL CUESTION\u00d3 LOS &#8220;PARCHES Y MANOTAZOS DE AHOGADO&#8221; DEL GOBIERNO TRAS LA DERROTA EN LAS PASO"},"content":{"rendered":"\n<p><strong>La candidata a diputada nacional de Juntos por el Cambio en la Ciudad Mar\u00eda Eugenia Vidal consider\u00f3 hoy que el Gobierno respondi\u00f3 a la derrota en las PASO con &#8220;parches y manotazos de ahogado&#8221; y afirm\u00f3 que &#8220;no lee en profundidad&#8221; el resultado electoral y el mensaje de la poblaci\u00f3n.<\/strong><\/p>\n\n\n\n<p>&nbsp; &nbsp;&#8220;Pasaron 15 d\u00edas y no aparece la escucha sobre el voto y hasta parece cierta indiferencia. Al Gobierno se le pidi\u00f3 un plan, un rumbo, no parches, no manotazos de ahogado y mucho menos peleas de poder entre ellos ech\u00e1ndose la culpa para ver qui\u00e9n tiene que hacer cargo de la derrota en lugar de qui\u00e9n va a hacerse cargo de los problemas&#8221;, sostuvo la ex gobernadora bonaerense.<\/p>\n\n\n\n<p>&nbsp;&nbsp; En declaraciones radiales, la referente del PRO se refiri\u00f3 a los casos de intendentes que encabezaron actos para repartir electrodom\u00e9sticos y remarc\u00f3 que &#8220;est\u00e1n subestimando a la gente&#8221;.<\/p>\n\n\n\n<p>&nbsp;&nbsp; &#8220;El voto no se trata s\u00f3lo de una cuesti\u00f3n de plata en el bolsillo. Ah\u00ed el Gobierno se equivoca y no lee en profundidad lo que pas\u00f3 el \u00faltimo a\u00f1o y medio&#8221;, se\u00f1al\u00f3.<\/p>\n\n\n\n<p>&nbsp;&nbsp; Asimismo, Vidal cuestion\u00f3 las medidas que adopt\u00f3 el Gobierno para flexibilizar restricciones: &#8220;Son improvisaciones que hasta lo pueden poner en riesgo. Ten\u00edamos que hacer fila distanciada para ir a votar y a la semana abren los boliches, podemos ir a ver f\u00fatbol y sacarnos los barbijos&#8221;.<\/p>\n\n\n\n<p>&nbsp;&nbsp; &#8220;Todo esto la sensaci\u00f3n que da es de improvisaci\u00f3n, falta de plan y hasta cierto miedo de en qu\u00e9 manos estamos&#8221;, agreg\u00f3 la postulante a diputada nacional.<\/p>\n\n\n\n<p>&nbsp;&nbsp; Al ser consultada sobre las modificaciones que hubo en el Gabinete del presidente Alberto Fern\u00e1ndez con la inclusi\u00f3n del tucumano Juan Manzur y el quilme\u00f1o An\u00edbal Fern\u00e1ndez, m\u00e1s el corrimiento de Santiago Cafiero, manifest\u00f3: &#8220;Cuando los argentinos con su voto pidieron un cambio de rumbo, el Gobierno volvi\u00f3 a lo peor de su pasado: pusieron a un jefe de Gabinete acusado de ocultar estad\u00edsticas de mortalidad infantil, a un ministro de Seguridad que dijo que la inseguridad era una sensaci\u00f3n y que ten\u00edamos menos pobres que Alemania y un canciller sin ninguna experiencia en pol\u00edtica internacional&#8221;.<\/p>\n\n\n\n<p>&nbsp;&nbsp; Ante ello, Vidal acus\u00f3 al Frente de Todos de ser &#8220;una coalici\u00f3n pol\u00edtica que no tiene plan&#8221; y concluy\u00f3: &#8220;Les importa un proyecto de poder, no de pa\u00eds&#8221;.<\/p>\n","protected":false},"excerpt":{"rendered":"<p>La candidata a diputada nacional de Juntos por el Cambio en la Ciudad Mar\u00eda Eugenia Vidal consider\u00f3 hoy que el Gobierno respondi\u00f3 a la derrota en las PASO con &#8220;parches&hellip; <\/p>\n","protected":false},"author":2,"featured_media":5309,"comment_status":"closed","ping_status":"open","sticky":false,"template":"","format":"standard","meta":{"footnotes":""},"categories":[20],"tags":[],"class_list":["post-5308","post","type-post","status-publish","format-standard","has-post-thumbnail","hentry","category-politica"],"_links":{"self":[{"href":"https:\/\/eenergetica.com.ar\/index.php\/wp-json\/wp\/v2\/posts\/5308","targetHints":{"allow":["GET"]}}],"collection":[{"href":"https:\/\/eenergetica.com.ar\/index.php\/wp-json\/wp\/v2\/posts"}],"about":[{"href":"https:\/\/eenergetica.com.ar\/index.php\/wp-json\/wp\/v2\/types\/post"}],"author":[{"embeddable":true,"href":"https:\/\/eenergetica.com.ar\/index.php\/wp-json\/wp\/v2\/users\/2"}],"replies":[{"embeddable":true,"href":"https:\/\/eenergetica.com.ar\/index.php\/wp-json\/wp\/v2\/comments?post=5308"}],"version-history":[{"count":1,"href":"https:\/\/eenergetica.com.ar\/index.php\/wp-json\/wp\/v2\/posts\/5308\/revisions"}],"predecessor-version":[{"id":5310,"href":"https:\/\/eenergetica.com.ar\/index.php\/wp-json\/wp\/v2\/posts\/5308\/revisions\/5310"}],"wp:featuredmedia":[{"embeddable":true,"href":"https:\/\/eenergetica.com.ar\/index.php\/wp-json\/wp\/v2\/media\/5309"}],"wp:attachment":[{"href":"https:\/\/eenergetica.com.ar\/index.php\/wp-json\/wp\/v2\/media?parent=5308"}],"wp:term":[{"taxonomy":"category","embeddable":true,"href":"https:\/\/eenergetica.com.ar\/index.php\/wp-json\/wp\/v2\/categories?post=5308"},{"taxonomy":"post_tag","embeddable":true,"href":"https:\/\/eenergetica.com.ar\/index.php\/wp-json\/wp\/v2\/tags?post=5308"}],"curies":[{"name":"wp","href":"https:\/\/api.w.org\/{rel}","templated":true}]}}