{"id":5302,"date":"2021-09-24T19:44:49","date_gmt":"2021-09-24T22:44:49","guid":{"rendered":"http:\/\/eenergetica.com.ar\/?p=5302"},"modified":"2021-09-24T19:44:50","modified_gmt":"2021-09-24T22:44:50","slug":"malena-galmarini-y-alberto-descalzo-inauguraron-una-red-de-agua-potable-y-firmaron-un-convenio-para-nuevas-obras-en-ituzaingo","status":"publish","type":"post","link":"https:\/\/eenergetica.com.ar\/index.php\/2021\/09\/24\/malena-galmarini-y-alberto-descalzo-inauguraron-una-red-de-agua-potable-y-firmaron-un-convenio-para-nuevas-obras-en-ituzaingo\/","title":{"rendered":"MALENA GALMARINI Y ALBERTO DESCALZO INAUGURARON UNA RED DE AGUA POTABLE Y FIRMARON UN CONVENIO PARA NUEVAS OBRAS EN ITUZAING\u00d3"},"content":{"rendered":"\n<p>La Presidenta de AySA, Malena Galmarini, junto al Intendente de Ituzaing\u00f3, Alberto Descalzo, habilit\u00f3 una nueva red secundaria de agua potable para m\u00e1s de 5.500 vecinos y vecinas de la localidad de Villa Gobernador Udaondo, con el objetivo de seguir expandiendo la red de servicios en el partido.<\/p>\n\n\n\n<p>Las autoridades llevaron adelante un acto en el que se celebr\u00f3 mediante un brindis simb\u00f3lico con vecinos y vecinas la llegada del servicio de agua potable al barrio. De dicha celebraci\u00f3n tambi\u00e9n participaron el Jefe de Gabinete de la Municipalidad de Ituzaing\u00f3, Pablo Descalzo; el Secretario de Planificaci\u00f3n, Desarrollo Urbano y Ambiente de la Municipalidad de Ituzaing\u00f3, Martin A. Rossi y el Presidente del Concejo Deliberante de Ituzaing\u00f3, Pablo Piana; y referentes del FRTodos como Teresa Garc\u00eda, candidata a Senadora Provincial; Javier Forlenza, candidato a Diputado Nacional y Jorge D\u2019onofrio, actual Diputado Nacional.<\/p>\n\n\n\n<p>Al finalizar el encuentro, Galmarini declar\u00f3: \u201cVenir a Ituzaing\u00f3 para m\u00ed siempre es una fiesta, pero desde que estoy en la empresa hoy es la primera vez que podemos hacer una habilitaci\u00f3n con las vecinas y con los vecinos, que son los verdaderos protagonistas. Y estamos ac\u00e1 no solo habilitando una nueva red para m\u00e1s de 5.500 vecinos, que era una obra que estaba paralizada cuando nosotros llegamos, y que volvimos a poner en marcha y terminamos. Sino tambi\u00e9n firmando un nuevo convenio para el barrio La Esperanza, que tambi\u00e9n est\u00e1 necesitando el servicio\u201d.<\/p>\n\n\n\n<p>Al respecto, Descalz\u00f3 expres\u00f3: \u201cLa verdad que es una obra muy importante para nosotros. Van a tener agua m\u00e1s de 5.000 vecinos de todo el barrio y tambi\u00e9n es importante para las cooperativas que tienen trabajo y que llevan adelante esta obra. Y no es s\u00f3lo agua, estamos avanzando mucho tambi\u00e9n en cloacas. Estamos casi terminando la estaci\u00f3n de bombeo Udaondo, que nos va a permitir que el a\u00f1o que viene m\u00e1s del 70% de Ituzaing\u00f3 tenga cloacas. F\u00edjense c\u00f3mo hemos crecido, c\u00f3mo se est\u00e1 desarrollando y esto es por la direcci\u00f3n que tiene AySA con Malena. Esto es importante porque da salud, calidad de vida y trabajo, que es lo que necesita la Argentina\u201d.<\/p>\n\n\n\n<p>Adem\u00e1s, ambos funcionarios firmaron un convenio que acuerda la transferencia de fondos para la ejecuci\u00f3n de obras correspondientes al plan Agua y Cloacas+Trabajo. El objetivo de las obras consistir\u00e1 en la renovaci\u00f3n de las redes internas del Barrio La Esperanza; manteniendo su actual abastecimiento a trav\u00e9s del Pozo y tanque existentes, pertenecientes al municipio. Esta obra contar\u00e1 con un presupuesto de $49 millones que beneficiar\u00e1 a m\u00e1s de 2600 personas.<\/p>\n\n\n\n<p>Durante el encuentro tambi\u00e9n se exhibi\u00f3 parte de la nueva flota de AySA que se utilizar\u00e1 en la regi\u00f3n (20 utilitarios y 4 camiones desobstructores) y que mejorar\u00e1 el servicio de atenci\u00f3n a las personas usuarias de la zona. \u201cY hoy tambi\u00e9n estamos ac\u00e1 para contarle a los vecinos y vecinas que ya tienen el servicio de agua y de cloaca, que estamos mejorando ese servicio, que hemos cambiado la mitad de la flota, no solamente de los autos y de las camionetas, sino tambi\u00e9n de los camiones. Esto hace que los trabajadores y las trabajadoras de AySA no solamente tengan mayor seguridad al momento de realizar su trabajo, sino que adem\u00e1s es mucho m\u00e1s f\u00e1cil, r\u00e1pido y seguro para las vecinas y los vecinos que solicitan mediante el sistema de reclamo\u201d, detall\u00f3 Galmarini.<\/p>\n\n\n\n<p>Desde AySA tambi\u00e9n estuvieron presentes Alberto Freire, Director General T\u00e9cnico; Pablo Careaga, Director Regional Oeste; Rodolfo Rojas, Director de Desarrollo de la Comunidad; Mayra Mariani, Directora de Relaciones Institucionales; y Pedro Rondinelli, Director Adjunto de Plantas y Establecimientos.<\/p>\n\n\n\n<p>Finalmente, la presidenta de AySA expres\u00f3: \u201cTenemos que seguir apostando todos y todas a que Argentina salga adelante y se hace de esta manera: con un Estado presente, que muestra y que se anima a invertir. Y que lo hace de manera bien territorial, no desde el piso 20 de un edificio del microcentro, sino desde ac\u00e1, hablando con las intendencias, con sus equipos. Es important\u00edsimo que ellos sigan las obras, que nos digan cu\u00e1les son los barrios m\u00e1s necesitados. Estamos ac\u00e1, dispuestos a dar pelea para tener la mayor cantidad de obras que necesita el pueblo y su gente\u201d.<\/p>\n","protected":false},"excerpt":{"rendered":"<p>La Presidenta de AySA, Malena Galmarini, junto al Intendente de Ituzaing\u00f3, Alberto Descalzo, habilit\u00f3 una nueva red secundaria de agua potable para m\u00e1s de 5.500 vecinos y vecinas de la&hellip; <\/p>\n","protected":false},"author":2,"featured_media":5303,"comment_status":"closed","ping_status":"open","sticky":false,"template":"","format":"standard","meta":{"footnotes":""},"categories":[22],"tags":[],"class_list":["post-5302","post","type-post","status-publish","format-standard","has-post-thumbnail","hentry","category-sociedad"],"_links":{"self":[{"href":"https:\/\/eenergetica.com.ar\/index.php\/wp-json\/wp\/v2\/posts\/5302","targetHints":{"allow":["GET"]}}],"collection":[{"href":"https:\/\/eenergetica.com.ar\/index.php\/wp-json\/wp\/v2\/posts"}],"about":[{"href":"https:\/\/eenergetica.com.ar\/index.php\/wp-json\/wp\/v2\/types\/post"}],"author":[{"embeddable":true,"href":"https:\/\/eenergetica.com.ar\/index.php\/wp-json\/wp\/v2\/users\/2"}],"replies":[{"embeddable":true,"href":"https:\/\/eenergetica.com.ar\/index.php\/wp-json\/wp\/v2\/comments?post=5302"}],"version-history":[{"count":1,"href":"https:\/\/eenergetica.com.ar\/index.php\/wp-json\/wp\/v2\/posts\/5302\/revisions"}],"predecessor-version":[{"id":5304,"href":"https:\/\/eenergetica.com.ar\/index.php\/wp-json\/wp\/v2\/posts\/5302\/revisions\/5304"}],"wp:featuredmedia":[{"embeddable":true,"href":"https:\/\/eenergetica.com.ar\/index.php\/wp-json\/wp\/v2\/media\/5303"}],"wp:attachment":[{"href":"https:\/\/eenergetica.com.ar\/index.php\/wp-json\/wp\/v2\/media?parent=5302"}],"wp:term":[{"taxonomy":"category","embeddable":true,"href":"https:\/\/eenergetica.com.ar\/index.php\/wp-json\/wp\/v2\/categories?post=5302"},{"taxonomy":"post_tag","embeddable":true,"href":"https:\/\/eenergetica.com.ar\/index.php\/wp-json\/wp\/v2\/tags?post=5302"}],"curies":[{"name":"wp","href":"https:\/\/api.w.org\/{rel}","templated":true}]}}