{"id":5265,"date":"2021-09-23T14:53:50","date_gmt":"2021-09-23T17:53:50","guid":{"rendered":"http:\/\/eenergetica.com.ar\/?p=5265"},"modified":"2021-09-23T14:53:50","modified_gmt":"2021-09-23T17:53:50","slug":"horacio-rosatti-es-el-nuevo-presidente-de-la-corte-suprema-de-justicia","status":"publish","type":"post","link":"https:\/\/eenergetica.com.ar\/index.php\/2021\/09\/23\/horacio-rosatti-es-el-nuevo-presidente-de-la-corte-suprema-de-justicia\/","title":{"rendered":"HORACIO ROSATTI ES EL NUEVO PRESIDENTE DE LA CORTE SUPREMA DE JUSTICIA"},"content":{"rendered":"\n<p><strong>El juez Horacio Rosatti fue elegido como nuevo presidente de la Corte Suprema de Justicia, secundado por su antecesor Carlos Rosenkrantz, quien concluir\u00e1 su mandato el pr\u00f3ximo 30 de septiembre.<\/strong><\/p>\n\n\n\n<p>&nbsp; &nbsp;El binomio consigui\u00f3 la mayor\u00eda de tres votos en el m\u00e1ximo tribunal con los propios, m\u00e1s el del juez Juan Carlos Maqueda.<\/p>\n\n\n\n<p>&nbsp;&nbsp; Por su parte, Ricardo Lorenzetti, quien aspiraba a regresar al cargo del que fue desplazado hace tres a\u00f1os, se excus\u00f3 de intervenir en las deliberaciones por estar participando de un congreso internacional sobre derecho.<\/p>\n\n\n\n<p>&nbsp;&nbsp; Seg\u00fan consta en el documento, a las 10.34 de hoy Lorenzetti &#8220;comunic\u00f3 que se encuentra imposibilitado de asistir al presente acuerdo extraordinario (&#8230;) en virtud de estar participando de las reuniones de UNIDROIT (Instituto Internacional para la Unificaci\u00f3n del Derecho Privado, sigla en ingl\u00e9s) y en las cuales act\u00faa en calidad de miembro del Governing Council&#8221;.<\/p>\n\n\n\n<p>&nbsp;&nbsp; El faltazo de Lorenzetti fue le\u00eddo como una estrategia para postergar la elecci\u00f3n del nuevo presidente de la Corte y, de hecho, Elena Highton de Nolasco, hasta ahora vicepresidenta, propuso la postergaci\u00f3n de la votaci\u00f3n.<\/p>\n\n\n\n<p>&nbsp;&nbsp; Pero Rosenkrantz indic\u00f3 que la ausencia de uno de los jueces no imped\u00eda que se celebrara igualmente el acuerdo y continu\u00f3 adelante con las deliberaciones, que a esa altura ya parec\u00edan cerradas.<\/p>\n\n\n\n<p>&nbsp;&nbsp; Highton decidi\u00f3, entonces, no participar del acuerdo, que concluy\u00f3 con los tres jueces restantes votando para que Rosatti sea el nuevo presidente a partir del 30 de septiembre pr\u00f3ximo.<\/p>\n","protected":false},"excerpt":{"rendered":"<p>El juez Horacio Rosatti fue elegido como nuevo presidente de la Corte Suprema de Justicia, secundado por su antecesor Carlos Rosenkrantz, quien concluir\u00e1 su mandato el pr\u00f3ximo 30 de septiembre.&hellip; <\/p>\n","protected":false},"author":2,"featured_media":5266,"comment_status":"closed","ping_status":"open","sticky":false,"template":"","format":"standard","meta":{"footnotes":""},"categories":[20],"tags":[],"class_list":["post-5265","post","type-post","status-publish","format-standard","has-post-thumbnail","hentry","category-politica"],"_links":{"self":[{"href":"https:\/\/eenergetica.com.ar\/index.php\/wp-json\/wp\/v2\/posts\/5265","targetHints":{"allow":["GET"]}}],"collection":[{"href":"https:\/\/eenergetica.com.ar\/index.php\/wp-json\/wp\/v2\/posts"}],"about":[{"href":"https:\/\/eenergetica.com.ar\/index.php\/wp-json\/wp\/v2\/types\/post"}],"author":[{"embeddable":true,"href":"https:\/\/eenergetica.com.ar\/index.php\/wp-json\/wp\/v2\/users\/2"}],"replies":[{"embeddable":true,"href":"https:\/\/eenergetica.com.ar\/index.php\/wp-json\/wp\/v2\/comments?post=5265"}],"version-history":[{"count":1,"href":"https:\/\/eenergetica.com.ar\/index.php\/wp-json\/wp\/v2\/posts\/5265\/revisions"}],"predecessor-version":[{"id":5267,"href":"https:\/\/eenergetica.com.ar\/index.php\/wp-json\/wp\/v2\/posts\/5265\/revisions\/5267"}],"wp:featuredmedia":[{"embeddable":true,"href":"https:\/\/eenergetica.com.ar\/index.php\/wp-json\/wp\/v2\/media\/5266"}],"wp:attachment":[{"href":"https:\/\/eenergetica.com.ar\/index.php\/wp-json\/wp\/v2\/media?parent=5265"}],"wp:term":[{"taxonomy":"category","embeddable":true,"href":"https:\/\/eenergetica.com.ar\/index.php\/wp-json\/wp\/v2\/categories?post=5265"},{"taxonomy":"post_tag","embeddable":true,"href":"https:\/\/eenergetica.com.ar\/index.php\/wp-json\/wp\/v2\/tags?post=5265"}],"curies":[{"name":"wp","href":"https:\/\/api.w.org\/{rel}","templated":true}]}}