{"id":5253,"date":"2021-09-23T14:26:09","date_gmt":"2021-09-23T17:26:09","guid":{"rendered":"http:\/\/eenergetica.com.ar\/?p=5253"},"modified":"2021-09-23T14:26:10","modified_gmt":"2021-09-23T17:26:10","slug":"anibal-fernandez-sobre-las-paso-que-eleccion-se-perdio-nosotros-no-competimos-contra-nadie","status":"publish","type":"post","link":"https:\/\/eenergetica.com.ar\/index.php\/2021\/09\/23\/anibal-fernandez-sobre-las-paso-que-eleccion-se-perdio-nosotros-no-competimos-contra-nadie\/","title":{"rendered":"AN\u00cdBAL FERN\u00c1NDEZ SOBRE LAS PASO: &#8220;\u00bfQU\u00c9 ELECCI\u00d3N SE PERDI\u00d3? NOSOTROS NO COMPETIMOS CONTRA NADIE&#8221;"},"content":{"rendered":"\n<p><strong>El ministro de Seguridad, An\u00edbal Fern\u00e1ndez, minimiz\u00f3 hoy el resultado adverso de las PASO, al resaltar que el Frente de Todos no compiti\u00f3 &#8220;con nadie&#8221; de manera interna.<\/strong><\/p>\n\n\n\n<p>&nbsp; &nbsp;&#8220;El Frente de Todos ten\u00eda una sola lista y no compet\u00eda con nada. Lo que llam\u00f3 la atenci\u00f3n fue Juntos por el Cambio, que s\u00ed compet\u00edan (entre ellos) e hicieron atractiva la competencia.<\/p>\n\n\n\n<p>&nbsp;&nbsp;Ahora competiremos y veremos como concluye&#8221;, subray\u00f3 el funcionario nacional.<\/p>\n\n\n\n<p>&nbsp;&nbsp; Y remarc\u00f3: &#8220;\u00bfQu\u00e9 elecci\u00f3n se perdi\u00f3? Si nosotros no perdimos contra ellos&#8221;.<\/p>\n\n\n\n<p>&nbsp;&nbsp; Fern\u00e1ndez asegur\u00f3 que &#8220;la calle no se pierde nunca&#8221; para el peronismo, aunque se\u00f1al\u00f3 que &#8220;la pandemia oblig\u00f3 a recluirse y eso lo hizo un poco m\u00e1s dif\u00edcil&#8221;.<\/p>\n\n\n\n<p>&nbsp;&nbsp; &#8220;Eso se va a ir mitigando y ha sido muy contundente Juan Manzur, que vamos a ir abriendo cada vez m\u00e1s, con un nivel de vacunaci\u00f3n que es alt\u00edsimo y la efectividad tambi\u00e9n lo es. Hay que seguir por ese camino, en la medida que no nos den conclusiones problem\u00e1ticas&#8221;, resalt\u00f3 el ministro de Seguridad.<\/p>\n\n\n\n<p>&nbsp;&nbsp; En declaraciones radiales, en tanto, se refiri\u00f3 a la reuni\u00f3n que mantuvo con el ministro de Seguridad porte\u00f1o, Marcelo D \u00b4Alessandro, y afirm\u00f3 que su objetivo de &#8220;sacar&#8221; a los efectivos de la Polic\u00eda Federal de la calle para que se aboquen a tareas de investigaci\u00f3n.<\/p>\n\n\n\n<p>&nbsp;&nbsp; &#8220;Las 53 comisar\u00edas pertenecen a la Ciudad y, ergo, toda la polic\u00eda que est\u00e1 en la calle pertenece a la Ciudad; lo que yo quiero es que ese personal, con m\u00e1s instrucci\u00f3n, que de por s\u00ed es muy buena, se aboque a la investigaci\u00f3n del delito complejo&#8221;, explic\u00f3.<\/p>\n\n\n\n<p>&nbsp;&nbsp; En otro orden, apunt\u00f3 contra la gesti\u00f3n de Patricia Bullrich en la cartera y dijo que &#8220;fue horrible, no combati\u00f3 nada&#8221;.<\/p>\n\n\n\n<p>&nbsp;&nbsp; &#8220;Me han agraviado permanentemente. Siempre va a ser as\u00ed, insultan en la tapa y piden disculpas en la p\u00e1gina 80&#8221;, se quej\u00f3 Fern\u00e1ndez, y sobre su enfrentamiento con la l\u00edder de la Coalici\u00f3n C\u00edvica, Elisa Carri\u00f3, agreg\u00f3: &#8220;No perdamos el tiempo con Carri\u00f3, la victima soy yo por los agravios de de ella&#8221;.<\/p>\n","protected":false},"excerpt":{"rendered":"<p>El ministro de Seguridad, An\u00edbal Fern\u00e1ndez, minimiz\u00f3 hoy el resultado adverso de las PASO, al resaltar que el Frente de Todos no compiti\u00f3 &#8220;con nadie&#8221; de manera interna. &nbsp; &nbsp;&#8220;El&hellip; <\/p>\n","protected":false},"author":2,"featured_media":5254,"comment_status":"closed","ping_status":"open","sticky":false,"template":"","format":"standard","meta":{"footnotes":""},"categories":[20],"tags":[],"class_list":["post-5253","post","type-post","status-publish","format-standard","has-post-thumbnail","hentry","category-politica"],"_links":{"self":[{"href":"https:\/\/eenergetica.com.ar\/index.php\/wp-json\/wp\/v2\/posts\/5253","targetHints":{"allow":["GET"]}}],"collection":[{"href":"https:\/\/eenergetica.com.ar\/index.php\/wp-json\/wp\/v2\/posts"}],"about":[{"href":"https:\/\/eenergetica.com.ar\/index.php\/wp-json\/wp\/v2\/types\/post"}],"author":[{"embeddable":true,"href":"https:\/\/eenergetica.com.ar\/index.php\/wp-json\/wp\/v2\/users\/2"}],"replies":[{"embeddable":true,"href":"https:\/\/eenergetica.com.ar\/index.php\/wp-json\/wp\/v2\/comments?post=5253"}],"version-history":[{"count":1,"href":"https:\/\/eenergetica.com.ar\/index.php\/wp-json\/wp\/v2\/posts\/5253\/revisions"}],"predecessor-version":[{"id":5255,"href":"https:\/\/eenergetica.com.ar\/index.php\/wp-json\/wp\/v2\/posts\/5253\/revisions\/5255"}],"wp:featuredmedia":[{"embeddable":true,"href":"https:\/\/eenergetica.com.ar\/index.php\/wp-json\/wp\/v2\/media\/5254"}],"wp:attachment":[{"href":"https:\/\/eenergetica.com.ar\/index.php\/wp-json\/wp\/v2\/media?parent=5253"}],"wp:term":[{"taxonomy":"category","embeddable":true,"href":"https:\/\/eenergetica.com.ar\/index.php\/wp-json\/wp\/v2\/categories?post=5253"},{"taxonomy":"post_tag","embeddable":true,"href":"https:\/\/eenergetica.com.ar\/index.php\/wp-json\/wp\/v2\/tags?post=5253"}],"curies":[{"name":"wp","href":"https:\/\/api.w.org\/{rel}","templated":true}]}}