{"id":5151,"date":"2021-09-20T09:46:02","date_gmt":"2021-09-20T12:46:02","guid":{"rendered":"http:\/\/eenergetica.com.ar\/?p=5151"},"modified":"2021-09-20T09:46:03","modified_gmt":"2021-09-20T12:46:03","slug":"en-la-pandemia-la-argentina-fue-el-segundo-pais-de-america-latina-con-mayor-perdida-de-horas-de-trabajo-2","status":"publish","type":"post","link":"https:\/\/eenergetica.com.ar\/index.php\/2021\/09\/20\/en-la-pandemia-la-argentina-fue-el-segundo-pais-de-america-latina-con-mayor-perdida-de-horas-de-trabajo-2\/","title":{"rendered":"EN LA PANDEMIA, LA ARGENTINA FUE EL SEGUNDO PA\u00cdS DE AM\u00c9RICA LATINA CON MAYOR P\u00c9RDIDA DE HORAS DE TRABAJO"},"content":{"rendered":"\n<p><strong>La Argentina fue el segundo pa\u00eds de Am\u00e9rica Latina en cuanto a p\u00e9rdida de horas de trabajo durante la pandemia, con el 21% y solamente fue superada por Per\u00fa, en el marco de una ca\u00edda del Producto Bruto Interno y como resultado de &#8220;una cuarentena mal administrada&#8221;, seg\u00fan la Fundaci\u00f3n Libertad y Progreso.<\/strong><\/p>\n\n\n\n<p>&nbsp; &nbsp;&#8220;La Argentina perdi\u00f3 4 puntos porcentuales m\u00e1s de horas laborales que el promedio de la regi\u00f3n latinoamericana y triplic\u00f3 al del promedio de p\u00e9rdidas de horas laborales a nivel mundial&#8221;, del 8,8%, se\u00f1al\u00f3 al respecto Natalia Motyl, economista de la entidad.<\/p>\n\n\n\n<p>&nbsp;&nbsp; Por otra parte, la recuperaci\u00f3n del empleo que se lleva a cabo en 2021 est\u00e1 motorizada en el pa\u00eds por el trabajo informal, al punto que la Argentina tambi\u00e9n en este caso es el segundo de la regi\u00f3n por su proporci\u00f3n de trabajadores no registrados.<\/p>\n\n\n\n<p>&nbsp;&nbsp; LyP se bas\u00f3 en datos de la Organizaci\u00f3n Internacional del Trabajo (OIT) para remarcar que despu\u00e9s de Per\u00fa, con el 27,5% de p\u00e9rdida de horas de trabajo, la Argentina fue el segundo pa\u00eds en la regi\u00f3n en esa clasificaci\u00f3n, con el 21%, superando por escaso margen a Colombia (20,9%) y Bolivia (20,5%).<\/p>\n\n\n\n<p>&nbsp;&nbsp; Con menores niveles de p\u00e9rdida de horas de trabajo en la pandemia de coronavirus se anotaron Ecuador (17,6%); Costa Rica (17,5%); Chile (16,7%); Brasil (14,9%); M\u00e9xico (12,5%); Paraguay (11,4%) y Uruguay (11,2%).<\/p>\n\n\n\n<p>&nbsp;&nbsp; Si bien no puede realizarse una relaci\u00f3n directamente proporcional, la p\u00e9rdida de horas de trabajo tuvo una coincidencia con la ca\u00edda del PBI en cada pa\u00eds, si se tiene en cuenta que los pa\u00edses con mayores retrocesos en ese sentido tambi\u00e9n fueron Per\u00fa y Argentina, con 11,1% y 9,9%, respectivamente.<\/p>\n\n\n\n<p>&nbsp;&nbsp; El deterioro del producto en 2020 del resto de los pa\u00edses seleccionados fue del 1% en Paraguay, 4,1% en Brasil, 5,8% en Chile, 5,9% en Uruguay, 6,8% en Colombia y 7,8% en Bolivia y Ecuador.<\/p>\n\n\n\n<p>&nbsp;&nbsp; &#8220;Ante este contexto, el mercado laboral se vio fuertemente afectado con una p\u00e9rdida de horas de trabajo 4 veces mayor que en la \u00faltima crisis financiera del 2009, con cuantiosas p\u00e9rdidas de empleos; reducciones de ingresos laborales y persistentes cifras de informalidad&#8221;, indic\u00f3 LyP en su informe.<\/p>\n\n\n\n<p>&nbsp;&nbsp; En la Argentina, la ca\u00edda del empleo en 2020 fue del 9,2%, con un 9,5% para hombres y 8,7% para mujeres, aunque la ratio por sexo de empleo sobre el total se mantuvo en 56% para hombres y 44% para las mujeres.<\/p>\n\n\n\n<p>&nbsp;&nbsp; Al respecto, Motyl explic\u00f3 que el fen\u00f3meno se dio porque las medidas de sostenimiento del empleo implementadas por el gobierno &#8220;favorecieron la reducci\u00f3n de horas de trabajo o incluso con horas nulas de trabajo&#8221; y que &#8220;el sistema de indemnizaci\u00f3n por despido desalent\u00f3 el trabajo y le coloc\u00f3 una gran mochila al sector privado&#8221;.<\/p>\n\n\n\n<p>&nbsp;&nbsp; Por tipo de ocupaci\u00f3n, las ca\u00eddas m\u00e1s importantes se observaron en el sector del agro, la silvicultura y la pesca con una p\u00e9rdida del empleo del 56%; en Gerentes del 43%; en Operadores de plantas y m\u00e1quinas y ensambladores hubo una ca\u00edda del empleo del 36% y en profesionales del 33%.<\/p>\n\n\n\n<p>&nbsp;&nbsp; &#8220;Estas cuatro actividades explican m\u00e1s del 16% del empleo total en nuestro pa\u00eds&#8221;, advirti\u00f3 LyP, que agreg\u00f3 por otra parte que &#8220;el sector de los servicios tuvo una merma del 29,8% y s\u00f3lo ese sector explica m\u00e1s del 17% del empleo total en la Argentina&#8221;.<\/p>\n\n\n\n<p>&nbsp;&nbsp; Otro punto destacado por la entidad fue que la recuperaci\u00f3n del empleo total en la regi\u00f3n del \u00faltimo per\u00edodo estuvo impulsada m\u00e1s por el informal m\u00e1s que del formal.<\/p>\n\n\n\n<p>&nbsp;&nbsp; &#8220;Es m\u00e1s, en la Argentina, el empleo formal en el cuarto trimestre de 2020 fue inferior al valor del segundo trimestre de ese a\u00f1o, contribuyendo negativamente a la generaci\u00f3n neta de empleo en ese per\u00edodo&#8221;, subray\u00f3.<\/p>\n\n\n\n<p>&nbsp;&nbsp; En ese sentido, la Fundaci\u00f3n advirti\u00f3 que desde antes de la pandemia la Argentina ya presentaba altas tasas de informalidad y que ya en 2010 la tasa llegaba al 49%, con una leve reducci\u00f3n de tres puntos porcentuales en una d\u00e9cada.<\/p>\n\n\n\n<p>&nbsp;&nbsp; &#8220;Si comparamos con el resto de la regi\u00f3n vemos que la tasa de informalidad de nuestro pa\u00eds es la m\u00e1s alta de la regi\u00f3n, despu\u00e9s de Per\u00fa (68%), duplicando la tasa de informalidad de Chile que es del 25%&#8221;, se\u00f1al\u00f3 la entidad, al tiempo que destac\u00f3 que los trasandinos tienen un mercado laboral que &#8220;se adapta m\u00e1s a las condiciones del siglo XXI y permiten la r\u00e1pida inserci\u00f3n laboral de los chilenos<\/p>\n","protected":false},"excerpt":{"rendered":"<p>La Argentina fue el segundo pa\u00eds de Am\u00e9rica Latina en cuanto a p\u00e9rdida de horas de trabajo durante la pandemia, con el 21% y solamente fue superada por Per\u00fa, en&hellip; <\/p>\n","protected":false},"author":2,"featured_media":5152,"comment_status":"closed","ping_status":"open","sticky":false,"template":"","format":"standard","meta":{"footnotes":""},"categories":[21],"tags":[],"class_list":["post-5151","post","type-post","status-publish","format-standard","has-post-thumbnail","hentry","category-economia"],"_links":{"self":[{"href":"https:\/\/eenergetica.com.ar\/index.php\/wp-json\/wp\/v2\/posts\/5151","targetHints":{"allow":["GET"]}}],"collection":[{"href":"https:\/\/eenergetica.com.ar\/index.php\/wp-json\/wp\/v2\/posts"}],"about":[{"href":"https:\/\/eenergetica.com.ar\/index.php\/wp-json\/wp\/v2\/types\/post"}],"author":[{"embeddable":true,"href":"https:\/\/eenergetica.com.ar\/index.php\/wp-json\/wp\/v2\/users\/2"}],"replies":[{"embeddable":true,"href":"https:\/\/eenergetica.com.ar\/index.php\/wp-json\/wp\/v2\/comments?post=5151"}],"version-history":[{"count":1,"href":"https:\/\/eenergetica.com.ar\/index.php\/wp-json\/wp\/v2\/posts\/5151\/revisions"}],"predecessor-version":[{"id":5153,"href":"https:\/\/eenergetica.com.ar\/index.php\/wp-json\/wp\/v2\/posts\/5151\/revisions\/5153"}],"wp:featuredmedia":[{"embeddable":true,"href":"https:\/\/eenergetica.com.ar\/index.php\/wp-json\/wp\/v2\/media\/5152"}],"wp:attachment":[{"href":"https:\/\/eenergetica.com.ar\/index.php\/wp-json\/wp\/v2\/media?parent=5151"}],"wp:term":[{"taxonomy":"category","embeddable":true,"href":"https:\/\/eenergetica.com.ar\/index.php\/wp-json\/wp\/v2\/categories?post=5151"},{"taxonomy":"post_tag","embeddable":true,"href":"https:\/\/eenergetica.com.ar\/index.php\/wp-json\/wp\/v2\/tags?post=5151"}],"curies":[{"name":"wp","href":"https:\/\/api.w.org\/{rel}","templated":true}]}}