{"id":5148,"date":"2021-09-20T09:39:41","date_gmt":"2021-09-20T12:39:41","guid":{"rendered":"http:\/\/eenergetica.com.ar\/?p=5148"},"modified":"2021-09-20T09:39:42","modified_gmt":"2021-09-20T12:39:42","slug":"vacunatorio-vip-rechazan-un-recurso-de-gonzalez-garcia-contra-la-reapertura-de-la-investigacion","status":"publish","type":"post","link":"https:\/\/eenergetica.com.ar\/index.php\/2021\/09\/20\/vacunatorio-vip-rechazan-un-recurso-de-gonzalez-garcia-contra-la-reapertura-de-la-investigacion\/","title":{"rendered":"VACUNATORIO VIP: RECHAZAN UN RECURSO DE GONZ\u00c1LEZ GARC\u00cdA CONTRA LA REAPERTURA DE LA INVESTIGACI\u00d3N"},"content":{"rendered":"\n<p><strong>La C\u00e1mara Federal porte\u00f1a rechaz\u00f3 un recurso del ex ministro de Salud Gin\u00e9s Gonz\u00e1lez Garc\u00eda contra la reapertura de la causa por el denominado &#8220;vacunatorio VIP&#8221;.<\/strong><\/p>\n\n\n\n<p>&nbsp; &nbsp;Los abogados del ex titular de la cartera sanitaria, Federico Ramos y Mart\u00edn Arias Duval, hab\u00edan apelado la decisi\u00f3n de la C\u00e1mara de revocar un fallo de la jueza Mar\u00eda Eugenia Capuchetti que archivaba parcialmente los casos de unos 65 imputados de haber recibido la vacuna contra el Covid-19 antes de la fecha que les correspond\u00eda.<\/p>\n\n\n\n<p>&nbsp;&nbsp; El 30 de agosto pasado, la C\u00e1mara hizo lugar a una apelaci\u00f3n contra el archivo formulada por la Procuradur\u00eda de Investigaciones Administrativas y revoc\u00f3 la decisi\u00f3n de Capuchetti, lo que en los hechos signific\u00f3 la reapertura y profundizaci\u00f3n de la investigaci\u00f3n.<\/p>\n\n\n\n<p>&nbsp;&nbsp; Gonz\u00e1lez Garc\u00eda intent\u00f3 que ese fallo que reabri\u00f3 la causa fuera revisado por la C\u00e1mara de Casaci\u00f3n, el m\u00e1ximo tribunal, penal, pero los jueces Pablo Bertuzzi, Leopoldo Bruglia y Mariano Llorens le bloquearon el camino.<\/p>\n\n\n\n<p>&nbsp;&nbsp; Los camaristas entendieron que no existi\u00f3 &#8220;un agravio de insuficiente, imposible o tard\u00eda reparaci\u00f3n ulterior que permita apartarse del principio general establecido por la ley&#8221; para &#8220;habilitar la instancia de revisi\u00f3n de la C\u00e1mara Federal de Casaci\u00f3n Penal&#8221;.<\/p>\n\n\n\n<p>&nbsp;&nbsp; En consecuencia, declararon &#8220;inadmisible&#8221; el planteo del ex ministro y ratificaron la continuidad de la investigaci\u00f3n.<\/p>\n","protected":false},"excerpt":{"rendered":"<p>La C\u00e1mara Federal porte\u00f1a rechaz\u00f3 un recurso del ex ministro de Salud Gin\u00e9s Gonz\u00e1lez Garc\u00eda contra la reapertura de la causa por el denominado &#8220;vacunatorio VIP&#8221;. &nbsp; &nbsp;Los abogados del&hellip; <\/p>\n","protected":false},"author":2,"featured_media":5149,"comment_status":"closed","ping_status":"open","sticky":false,"template":"","format":"standard","meta":{"footnotes":""},"categories":[20],"tags":[],"class_list":["post-5148","post","type-post","status-publish","format-standard","has-post-thumbnail","hentry","category-politica"],"_links":{"self":[{"href":"https:\/\/eenergetica.com.ar\/index.php\/wp-json\/wp\/v2\/posts\/5148","targetHints":{"allow":["GET"]}}],"collection":[{"href":"https:\/\/eenergetica.com.ar\/index.php\/wp-json\/wp\/v2\/posts"}],"about":[{"href":"https:\/\/eenergetica.com.ar\/index.php\/wp-json\/wp\/v2\/types\/post"}],"author":[{"embeddable":true,"href":"https:\/\/eenergetica.com.ar\/index.php\/wp-json\/wp\/v2\/users\/2"}],"replies":[{"embeddable":true,"href":"https:\/\/eenergetica.com.ar\/index.php\/wp-json\/wp\/v2\/comments?post=5148"}],"version-history":[{"count":1,"href":"https:\/\/eenergetica.com.ar\/index.php\/wp-json\/wp\/v2\/posts\/5148\/revisions"}],"predecessor-version":[{"id":5150,"href":"https:\/\/eenergetica.com.ar\/index.php\/wp-json\/wp\/v2\/posts\/5148\/revisions\/5150"}],"wp:featuredmedia":[{"embeddable":true,"href":"https:\/\/eenergetica.com.ar\/index.php\/wp-json\/wp\/v2\/media\/5149"}],"wp:attachment":[{"href":"https:\/\/eenergetica.com.ar\/index.php\/wp-json\/wp\/v2\/media?parent=5148"}],"wp:term":[{"taxonomy":"category","embeddable":true,"href":"https:\/\/eenergetica.com.ar\/index.php\/wp-json\/wp\/v2\/categories?post=5148"},{"taxonomy":"post_tag","embeddable":true,"href":"https:\/\/eenergetica.com.ar\/index.php\/wp-json\/wp\/v2\/tags?post=5148"}],"curies":[{"name":"wp","href":"https:\/\/api.w.org\/{rel}","templated":true}]}}