{"id":48659,"date":"2026-09-05T09:24:00","date_gmt":"2026-09-05T12:24:00","guid":{"rendered":"https:\/\/eenergetica.com.ar\/?p=48659"},"modified":"2026-09-04T21:29:19","modified_gmt":"2026-09-05T00:29:19","slug":"el-gobierno-confirmo-que-el-reactor-ra-10-comenzara-a-operar-en-2027-y-sumara-inversion-privada","status":"publish","type":"post","link":"https:\/\/eenergetica.com.ar\/index.php\/2026\/09\/05\/el-gobierno-confirmo-que-el-reactor-ra-10-comenzara-a-operar-en-2027-y-sumara-inversion-privada\/","title":{"rendered":"El Gobierno confirm\u00f3 que el reactor RA-10 comenzar\u00e1 a operar en 2027 y sumar\u00e1 inversi\u00f3n privada"},"content":{"rendered":"\n<p>El&nbsp;<strong>Gobierno nacional&nbsp;<\/strong>confirm\u00f3 que el<strong>&nbsp;Reactor Argentino Multiprop\u00f3sito RA-10&nbsp;<\/strong>comenzar\u00e1 su&nbsp;<strong>proceso de puesta en marcha<\/strong>&nbsp;<strong>antes de fin de a\u00f1o<\/strong>&nbsp;con el&nbsp;<strong>objetivo de completar esa etapa durante los primeros meses de 2027<\/strong>, y anunci\u00f3 un esquema para&nbsp;<strong>incorporar inversi\u00f3n privada<\/strong>&nbsp;en la planta de producci\u00f3n de radiois\u00f3topos asociada al proyecto.<\/p>\n\n\n\n<p>El anuncio fue realizado por el&nbsp;<strong>secretario de Asuntos Nucleares<\/strong>,&nbsp;<strong>Federico Ramos Napoli<\/strong>, durante una actividad en el&nbsp;<strong>Centro At\u00f3mico Ezeiza<\/strong>, donde precis\u00f3 que el montaje de equipos y sistemas del reactor alcanz\u00f3 el 96%.<\/p>\n\n\n\n<p>Seg\u00fan inform\u00f3 la&nbsp;<strong>Secretar\u00eda de Asuntos Nucleares<\/strong>, cuando comenz\u00f3 la&nbsp;<strong>actual gesti\u00f3n el montaje registraba un avance del 52%<\/strong>&nbsp;y distintos contratos y frentes de obra se encontraban paralizados por falta de financiamiento.<\/p>\n","protected":false},"excerpt":{"rendered":"<p>El&nbsp;Gobierno nacional&nbsp;confirm\u00f3 que el&nbsp;Reactor Argentino Multiprop\u00f3sito RA-10&nbsp;comenzar\u00e1 su&nbsp;proceso de puesta en marcha&nbsp;antes de fin de a\u00f1o&nbsp;con el&nbsp;objetivo de completar esa etapa durante los primeros meses de 2027, y anunci\u00f3 un&hellip; <\/p>\n","protected":false},"author":2,"featured_media":48660,"comment_status":"closed","ping_status":"closed","sticky":false,"template":"","format":"standard","meta":{"footnotes":""},"categories":[1],"tags":[],"class_list":["post-48659","post","type-post","status-publish","format-standard","has-post-thumbnail","hentry","category-uncategorized"],"_links":{"self":[{"href":"https:\/\/eenergetica.com.ar\/index.php\/wp-json\/wp\/v2\/posts\/48659","targetHints":{"allow":["GET"]}}],"collection":[{"href":"https:\/\/eenergetica.com.ar\/index.php\/wp-json\/wp\/v2\/posts"}],"about":[{"href":"https:\/\/eenergetica.com.ar\/index.php\/wp-json\/wp\/v2\/types\/post"}],"author":[{"embeddable":true,"href":"https:\/\/eenergetica.com.ar\/index.php\/wp-json\/wp\/v2\/users\/2"}],"replies":[{"embeddable":true,"href":"https:\/\/eenergetica.com.ar\/index.php\/wp-json\/wp\/v2\/comments?post=48659"}],"version-history":[{"count":1,"href":"https:\/\/eenergetica.com.ar\/index.php\/wp-json\/wp\/v2\/posts\/48659\/revisions"}],"predecessor-version":[{"id":48661,"href":"https:\/\/eenergetica.com.ar\/index.php\/wp-json\/wp\/v2\/posts\/48659\/revisions\/48661"}],"wp:featuredmedia":[{"embeddable":true,"href":"https:\/\/eenergetica.com.ar\/index.php\/wp-json\/wp\/v2\/media\/48660"}],"wp:attachment":[{"href":"https:\/\/eenergetica.com.ar\/index.php\/wp-json\/wp\/v2\/media?parent=48659"}],"wp:term":[{"taxonomy":"category","embeddable":true,"href":"https:\/\/eenergetica.com.ar\/index.php\/wp-json\/wp\/v2\/categories?post=48659"},{"taxonomy":"post_tag","embeddable":true,"href":"https:\/\/eenergetica.com.ar\/index.php\/wp-json\/wp\/v2\/tags?post=48659"}],"curies":[{"name":"wp","href":"https:\/\/api.w.org\/{rel}","templated":true}]}}