{"id":48656,"date":"2026-09-06T09:21:00","date_gmt":"2026-09-06T12:21:00","guid":{"rendered":"https:\/\/eenergetica.com.ar\/?p=48656"},"modified":"2026-09-04T21:24:46","modified_gmt":"2026-09-05T00:24:46","slug":"rem-consultoras-estimaron-una-leve-baja-de-la-inflacion-en-agosto","status":"publish","type":"post","link":"https:\/\/eenergetica.com.ar\/index.php\/2026\/09\/06\/rem-consultoras-estimaron-una-leve-baja-de-la-inflacion-en-agosto\/","title":{"rendered":"REM: consultoras estimaron una leve baja de la inflaci\u00f3n en agosto"},"content":{"rendered":"\n<p>En el&nbsp;<strong>octavo relevamiento del a\u00f1o<\/strong>, quienes participaron del REM del&nbsp;<strong>Banco Central<\/strong>&nbsp;estimaron una&nbsp;<strong>inflaci\u00f3n mensual de 1,7% para agosto<\/strong>&nbsp;(-0,1 p.p. que el anterior).&nbsp;<\/p>\n\n\n\n<p><strong>Quienes mejor proyectaron esa variable en el pasado (Top 10) tambi\u00e9n reportaron una inflaci\u00f3n de 1,7% mensual para agosto (igual que el relevamiento previo).&nbsp;<\/strong><\/p>\n\n\n\n<p><strong>Respecto del IPC N\u00facleo, el conjunto de participantes del REM ubic\u00f3 sus estimaciones para agosto en 1,7% (mismo valor que la encuesta previa).&nbsp;<\/strong><\/p>\n\n\n\n<p>El Top 10 estim\u00f3 una inflaci\u00f3n n\u00facleo de 1,6% mensual para el octavo mes del a\u00f1o (-0,1 p.p. en relaci\u00f3n con el REM anterior).<\/p>\n\n\n\n<p>En el relevamiento de agosto,&nbsp;<mark>el conjunto de analistas del REM estim\u00f3 que el Producto ajustado por estacionalidad (s.e.) se habr\u00eda contra\u00eddo 0,9% en el Trim. II-26 (-0,5 p.p. respecto al relevamiento previo) y aumentar\u00eda 1,1% en el Trim. III-26 (+0,1 p.p. en relaci\u00f3n con el REM anterior).&nbsp;<\/mark><\/p>\n\n\n\n<p>Para el Trim. IV-26 la proyecci\u00f3n de crecimiento s.e. del conjunto de analistas del REM fue de 1,3% (+0,3 p.p. en relaci\u00f3n con el relevamiento previo).&nbsp;<\/p>\n\n\n\n<p>Para 2026, quienes participaron del REM esperan en promedio un nivel de PIB real 2,1% superior al promedio de 2025 (-0,6 p.p. respecto a la encuesta previa).&nbsp;<\/p>\n\n\n\n<p>Quienes conforman el Top 10 proyectaron un crecimiento de 2,2% para el a\u00f1o 2026 (-0,4 p.p. comparado con el REM anterior).<\/p>\n\n\n\n<p><mark>La tasa de desocupaci\u00f3n abierta para el segundo trimestre de 2026 fue estimada por quienes participan del REM en 7,7% de la Poblaci\u00f3n Econ\u00f3micamente Activa (mismo valor que la encuesta previa).&nbsp;<\/mark><\/p>\n\n\n\n<p>El conjunto de participantes del REM espera una tasa de 7,5% para el cuarto trimestre del a\u00f1o 2026 (igual que el relevamiento previo). Por su parte, el Top 10 estim\u00f3 una tasa de 7,6% tanto para el segundo como para el cuarto trimestre de 2026.<\/p>\n\n\n\n<p>Para diciembre de 2026 el conjunto de participantes pronostic\u00f3 un tipo de cambio nominal de $1.630\/USD, lo que arroja una variaci\u00f3n interanual esperada de 12,6% respecto de diciembre de 2025. Para el Top 10 de analistas el tipo de cambio nominal promedio esperado para diciembre ser\u00eda $1.626\/USD.<\/p>\n\n\n\n<p>En cuanto al comercio exterior de bienes, quienes participan del REM proyectaron para 2026 que las exportaciones (FOB) totalicen USD100.895 millones (+USD688 millones que en la encuesta anterior) y las importaciones (CIF) USD75.861 millones (-USD912 millones que en el REM previo). El super\u00e1vit comercial anual esperado ser\u00eda de USD25.034 millones (+USD1.600 millones que en el REM anterior).<\/p>\n\n\n\n<p>Finalmente, la proyecci\u00f3n del resultado fiscal primario del Sector P\u00fablico Nacional no Financiero que realizan quienes participan del REM fue de un super\u00e1vit de $15,4 billones para 2026 (-154 mil millones respecto del REM previo).&nbsp;<\/p>\n\n\n\n<p>El promedio del Top 10 pronostic\u00f3 un super\u00e1vit primario de $14,7 billones. Ning\u00fan participante esper\u00f3 un super\u00e1vit primario inferior a $9,0 billones para este a\u00f1o. Agencia NA<\/p>\n\n\n\n<p>Quienes participan del REM pronosticaron una tasa TAMAR de bancos privados para septiembre de 24,11% TNA (+1,4 p.p. respecto al REM anterior), equivalente a una tasa efectiva mensual de 1,98%.&nbsp;<\/p>\n","protected":false},"excerpt":{"rendered":"<p>En el&nbsp;octavo relevamiento del a\u00f1o, quienes participaron del REM del&nbsp;Banco Central&nbsp;estimaron una&nbsp;inflaci\u00f3n mensual de 1,7% para agosto&nbsp;(-0,1 p.p. que el anterior).&nbsp; Quienes mejor proyectaron esa variable en el pasado (Top&hellip; <\/p>\n","protected":false},"author":2,"featured_media":48657,"comment_status":"closed","ping_status":"closed","sticky":false,"template":"","format":"standard","meta":{"footnotes":""},"categories":[28,21],"tags":[],"class_list":["post-48656","post","type-post","status-publish","format-standard","has-post-thumbnail","hentry","category-destacada","category-economia"],"_links":{"self":[{"href":"https:\/\/eenergetica.com.ar\/index.php\/wp-json\/wp\/v2\/posts\/48656","targetHints":{"allow":["GET"]}}],"collection":[{"href":"https:\/\/eenergetica.com.ar\/index.php\/wp-json\/wp\/v2\/posts"}],"about":[{"href":"https:\/\/eenergetica.com.ar\/index.php\/wp-json\/wp\/v2\/types\/post"}],"author":[{"embeddable":true,"href":"https:\/\/eenergetica.com.ar\/index.php\/wp-json\/wp\/v2\/users\/2"}],"replies":[{"embeddable":true,"href":"https:\/\/eenergetica.com.ar\/index.php\/wp-json\/wp\/v2\/comments?post=48656"}],"version-history":[{"count":1,"href":"https:\/\/eenergetica.com.ar\/index.php\/wp-json\/wp\/v2\/posts\/48656\/revisions"}],"predecessor-version":[{"id":48658,"href":"https:\/\/eenergetica.com.ar\/index.php\/wp-json\/wp\/v2\/posts\/48656\/revisions\/48658"}],"wp:featuredmedia":[{"embeddable":true,"href":"https:\/\/eenergetica.com.ar\/index.php\/wp-json\/wp\/v2\/media\/48657"}],"wp:attachment":[{"href":"https:\/\/eenergetica.com.ar\/index.php\/wp-json\/wp\/v2\/media?parent=48656"}],"wp:term":[{"taxonomy":"category","embeddable":true,"href":"https:\/\/eenergetica.com.ar\/index.php\/wp-json\/wp\/v2\/categories?post=48656"},{"taxonomy":"post_tag","embeddable":true,"href":"https:\/\/eenergetica.com.ar\/index.php\/wp-json\/wp\/v2\/tags?post=48656"}],"curies":[{"name":"wp","href":"https:\/\/api.w.org\/{rel}","templated":true}]}}