{"id":48647,"date":"2026-09-04T20:48:52","date_gmt":"2026-09-04T23:48:52","guid":{"rendered":"https:\/\/eenergetica.com.ar\/?p=48647"},"modified":"2026-09-04T20:48:52","modified_gmt":"2026-09-04T23:48:52","slug":"caputo-hablo-sobre-malvinas-reafirmo-el-rumbo-economico-y-sostuvo-que-la-morosidad-no-genera-un-problema-sistemico","status":"publish","type":"post","link":"https:\/\/eenergetica.com.ar\/index.php\/2026\/09\/04\/caputo-hablo-sobre-malvinas-reafirmo-el-rumbo-economico-y-sostuvo-que-la-morosidad-no-genera-un-problema-sistemico\/","title":{"rendered":"Caputo habl\u00f3 sobre Malvinas, reafirm\u00f3 el rumbo econ\u00f3mico y sostuvo que la morosidad \u201cno genera un problema sist\u00e9mico\u201d"},"content":{"rendered":"\n<p><strong>El ministro de Econom\u00eda, Luis Caputo<\/strong>, se refiri\u00f3 a la&nbsp;<strong>cadena nacional<\/strong>&nbsp;del presidente&nbsp;<strong>Javier Milei<\/strong>&nbsp;sobre las&nbsp;<strong>Islas Malvinas<\/strong>&nbsp;y sostuvo que \u201c<strong>nadie puede estar en contra<\/strong>\u201d de una causa que \u201c<strong>une a todos los argentinos<\/strong>\u201d.<\/p>\n\n\n\n<p>Ante los comentarios acerca del&nbsp;<strong>timing<\/strong>&nbsp;del anuncio del Gobierno, el funcionario afirm\u00f3 que \u201c<strong>el momento es el adecuado<\/strong>\u201d y resalt\u00f3 la figura del&nbsp;<strong>Jefe de Estado<\/strong>.<\/p>\n\n\n\n<p>\u201cNo es lo mismo hacer un reclamo cuando no sos nadie que cuando sos una persona muy tenida en cuenta\u201d, dijo en la 47\u00b0 Conferencia Anual del<strong>&nbsp;Instituto Argentino de Ejecutivos de Finanzas (IAEF)<\/strong>, en Iguaz\u00fa.<\/p>\n\n\n\n<p>El ministro econ\u00f3mico relacion\u00f3<strong>&nbsp;la importancia de Argentina<\/strong>&nbsp;en el evento del&nbsp;<strong>G20&nbsp;<\/strong>en Estados Unidos, donde cont\u00f3 que&nbsp;<strong>el pa\u00eds es un &#8220;ejemplo&#8221; para el resto de las naciones.<\/strong><\/p>\n\n\n\n<p><strong>&#8220;Vamos a seguir peleando porque es el inter\u00e9s de todos los argentinos&#8221;<\/strong>, manifest\u00f3.<\/p>\n\n\n\n<p>En otro tramo de la entrevista,&nbsp;<strong>Caputo<\/strong>&nbsp;reafirm\u00f3 el camino del&nbsp;<strong>programa econ\u00f3mico del Gobierno<\/strong>, cuestion\u00f3 la&nbsp;<strong>pol\u00edtica econ\u00f3mica del kirchnerismo<\/strong>&nbsp;y reconoci\u00f3 que hay ciertos sectores que no terminan de acoplarse al cambio de modelo.<\/p>\n\n\n\n<p>&#8220;A algunos se les hace m\u00e1s dif\u00edcil este cambio. Ven\u00edan de un modelo en donde los funcionarios decid\u00edan, a dedo, a qui\u00e9n le ten\u00eda que ir bien y a qui\u00e9n mal. Tengo que defender los intereses de los&nbsp;<strong>48 millones de argentinos<\/strong>. Que la gente tenga que comprar productos de peor calidad al triple de lo que vale en el mundo nos parece&nbsp;<strong>moralmente injusto<\/strong>. La&nbsp;<strong>empat\u00eda<\/strong>&nbsp;la tenemos que tener con todos los argentinos&#8221;.<\/p>\n\n\n\n<p>E insisti\u00f3 con mantener la pol\u00edtica de&nbsp;<strong>apertura al mundo<\/strong>&nbsp;y generar expectativas para atraer m\u00e1s inversiones. &#8220;Tenemos que crear las condiciones para que las&nbsp;<strong>empresas<\/strong>&nbsp;se puedan reconvertir. Este es un proceso en donde hay que&nbsp;<strong>bajar impuestos<\/strong>,&nbsp;<strong>bajar el costo argentino<\/strong>&nbsp;y&nbsp;<strong>mejorar la infraestructura<\/strong>&#8220;.<\/p>\n\n\n\n<p>Caputo tambi\u00e9n adelant\u00f3 que la&nbsp;<strong>reforma tributaria<\/strong>&nbsp;ser\u00e1 posible en un hipot\u00e9tico segundo mandato del Gobierno, acompa\u00f1ado por el apoyo de los gobernadores para &#8220;hacer un cambio profundo&#8221;.<\/p>\n\n\n\n<p>&#8220;La&nbsp;<strong>estructura impositiva de Argentina<\/strong>&nbsp;es mal\u00edsima, desde lo nacional hasta lo provincial y municipal. Son todos impuestos muy&nbsp;<strong>distorsivos<\/strong>&#8220;, critic\u00f3.<\/p>\n\n\n\n<p>Consultado sobre el porcentaje de&nbsp;<strong>mora e irregularidad de pago<\/strong>, el ministro mantuvo la postura de&nbsp;<strong>no realizar intervenci\u00f3n estatal<\/strong>&nbsp;y solt\u00f3 que es &#8220;parte del proceso de aprendizaje&#8221;.<\/p>\n\n\n\n<p>&#8220;No podemos usar la plata de los&nbsp;<strong>contribuyentes<\/strong>&nbsp;para compensar a entidades financieras, cuyo trabajo es dar cr\u00e9dito. Si estuvi\u00e9ramos haciendo eso, la oposici\u00f3n dir\u00eda que yo estoy compensando a mis \u2018<strong>amigos financieros<\/strong>\u2019. Lo \u00fanico que les importa es generar alg\u00fan da\u00f1o pol\u00edtico&#8221;, cuestion\u00f3 Caputo.<\/p>\n\n\n\n<p>&#8220;Eso ser\u00eda hacer&nbsp;<strong>populismo<\/strong>&nbsp;y ser\u00eda ser absolutamente&nbsp;<strong>inmoral<\/strong>&#8220;, indic\u00f3, y ratific\u00f3 que la soluci\u00f3n se dar\u00e1 entre&nbsp;<strong>privados<\/strong>, dado que \u00abno es algo que pueda generar un problema sist\u00e9mico&#8221;.<\/p>\n\n\n\n<p>Por \u00faltimo, habl\u00f3 sobre el&nbsp;<strong>a\u00f1o electoral de 2027<\/strong>&nbsp;y c\u00f3mo llega el Gobierno en materia&nbsp;<strong>financiera y cambiaria<\/strong>. Si bien no ampli\u00f3 demasiado, confirm\u00f3 que est\u00e1n trabajando en otro&nbsp;<strong>acuerdo financiero<\/strong>&nbsp;para reforzar las&nbsp;<strong>reservas del Banco Central (BCRA)<\/strong>.<\/p>\n\n\n\n<p>&#8220;Va a ser un a\u00f1o&nbsp;<strong>supertranquilo<\/strong>. Yo me preparo para lo que piensa la gente: si veo que piensa otra cosa, no me voy a quedar a tratar de convencerlos. Nos preparamos para la peor de las situaciones, por eso anunciamos el&nbsp;<strong>programa financiero<\/strong>&nbsp;m\u00e1s de un a\u00f1o y medio antes&#8221;, dijo en relaci\u00f3n al&nbsp;<strong>programa de vencimientos 2026-2027<\/strong>.<\/p>\n\n\n\n<p>En cuanto a&nbsp;<strong>volatilidad electoral<\/strong>, Caputo sostuvo que eso no ocurrir\u00e1 debido a que hay un&nbsp;<strong>ordenamiento macroecon\u00f3mico<\/strong>&nbsp;y porque la situaci\u00f3n es &#8220;<strong>macroprudencialmente fuert\u00edsima<\/strong>&#8220;.<\/p>\n\n\n\n<p>&#8220;Vamos a ser m\u00e1s&nbsp;<strong>ortodoxos<\/strong>&nbsp;que nunca, no importa que sea un a\u00f1o electoral. Despu\u00e9s, la gente decidir\u00e1 si quiere volver al pasado o proyectar un pa\u00eds para nuestros hijos&#8221;.<\/p>\n\n\n\n<p><strong>Agencia NA<\/strong><\/p>\n","protected":false},"excerpt":{"rendered":"<p>El ministro de Econom\u00eda, Luis Caputo, se refiri\u00f3 a la&nbsp;cadena nacional&nbsp;del presidente&nbsp;Javier Milei&nbsp;sobre las&nbsp;Islas Malvinas&nbsp;y sostuvo que \u201cnadie puede estar en contra\u201d de una causa que \u201cune a todos los&hellip; <\/p>\n","protected":false},"author":2,"featured_media":48648,"comment_status":"closed","ping_status":"closed","sticky":false,"template":"","format":"standard","meta":{"footnotes":""},"categories":[28,20],"tags":[],"class_list":["post-48647","post","type-post","status-publish","format-standard","has-post-thumbnail","hentry","category-destacada","category-politica"],"_links":{"self":[{"href":"https:\/\/eenergetica.com.ar\/index.php\/wp-json\/wp\/v2\/posts\/48647","targetHints":{"allow":["GET"]}}],"collection":[{"href":"https:\/\/eenergetica.com.ar\/index.php\/wp-json\/wp\/v2\/posts"}],"about":[{"href":"https:\/\/eenergetica.com.ar\/index.php\/wp-json\/wp\/v2\/types\/post"}],"author":[{"embeddable":true,"href":"https:\/\/eenergetica.com.ar\/index.php\/wp-json\/wp\/v2\/users\/2"}],"replies":[{"embeddable":true,"href":"https:\/\/eenergetica.com.ar\/index.php\/wp-json\/wp\/v2\/comments?post=48647"}],"version-history":[{"count":1,"href":"https:\/\/eenergetica.com.ar\/index.php\/wp-json\/wp\/v2\/posts\/48647\/revisions"}],"predecessor-version":[{"id":48649,"href":"https:\/\/eenergetica.com.ar\/index.php\/wp-json\/wp\/v2\/posts\/48647\/revisions\/48649"}],"wp:featuredmedia":[{"embeddable":true,"href":"https:\/\/eenergetica.com.ar\/index.php\/wp-json\/wp\/v2\/media\/48648"}],"wp:attachment":[{"href":"https:\/\/eenergetica.com.ar\/index.php\/wp-json\/wp\/v2\/media?parent=48647"}],"wp:term":[{"taxonomy":"category","embeddable":true,"href":"https:\/\/eenergetica.com.ar\/index.php\/wp-json\/wp\/v2\/categories?post=48647"},{"taxonomy":"post_tag","embeddable":true,"href":"https:\/\/eenergetica.com.ar\/index.php\/wp-json\/wp\/v2\/tags?post=48647"}],"curies":[{"name":"wp","href":"https:\/\/api.w.org\/{rel}","templated":true}]}}