{"id":48644,"date":"2026-09-04T20:43:16","date_gmt":"2026-09-04T23:43:16","guid":{"rendered":"https:\/\/eenergetica.com.ar\/?p=48644"},"modified":"2026-09-04T20:46:10","modified_gmt":"2026-09-04T23:46:10","slug":"alejandro-dolina-recibio-el-doctorado-honoris-causa-de-la-uba","status":"publish","type":"post","link":"https:\/\/eenergetica.com.ar\/index.php\/2026\/09\/04\/alejandro-dolina-recibio-el-doctorado-honoris-causa-de-la-uba\/","title":{"rendered":"ALEJANDRO DOLINA RECIBI\u00d3 EL DOCTORADO HONORIS CAUSA DE LA UBA"},"content":{"rendered":"\n<p><em>Se trata del reconocimiento honor\u00edfico de m\u00e1s alta jerarqu\u00eda que otorga la Universidad de Buenos Aires a personalidades de distintas disciplinas. El honoris causa a Alejandro Dolina reconoce la trayectoria intelectual y art\u00edstica de una de las figuras m\u00e1s relevantes de la vida cultural argentina.<\/em><\/p>\n\n\n\n<p>La ceremonia se realiz\u00f3 en el Auditorio de la Facultad de Ciencias Sociales de la UBA. Cont\u00f3 con la presencia de <strong>Ricardo Gelpi<\/strong>, rector de la Universidad de Buenos Aires; <strong>Diego de Charras<\/strong>, vicedecano de la Facultad de Ciencias Sociales; <strong>Felipe Vega Terra<\/strong>, director del Ciclo B\u00e1sico Com\u00fan; <strong>Larisa Kevjal<\/strong>, directora de la carrera de Comunicaci\u00f3n; y <strong>Miguel de Luca<\/strong>, director de la carrera de Ciencia Pol\u00edtica.<\/p>\n\n\n\n<p>Tambi\u00e9n participaron otras autoridades de la universidad, docentes, nodocentes, estudiantes, invitados especiales, amigos y familiares del homenajeado, quienes presenciaron emocionados el acto, en un sal\u00f3n colmado por m\u00e1s de 700 asistentes.<\/p>\n\n\n\n<p><strong>Diego de Charras<\/strong> estuvo a cargo de las palabras de bienvenida y destac\u00f3 el sentido de la distinci\u00f3n y el v\u00ednculo de Dolina con la Facultad de Ciencias Sociales:<br>&#8220;Este diploma es la m\u00e1xima distinci\u00f3n de nuestra universidad y busca reconocer el conocimiento que no necesariamente se gesta en las aulas pero que es tanto m\u00e1s importante porque en esta casa de estudios nos dedicamos a estudiar la cultura popular. La presencia de Alejandro atraviesa la formaci\u00f3n de nuestros estudiantes a lo largo de toda la historia de esta Facultad&#8221;, expres\u00f3 el vicedecano.<\/p>\n\n\n\n<p>A continuaci\u00f3n, <strong>Larisa Kevjal<\/strong> fue la encargada de pronunciar el elogio acad\u00e9mico, en el que destac\u00f3 la trayectoria y el legado del homenajeado.<\/p>\n\n\n\n<p>\u201cDolina, quiz\u00e1s a su propio pesar, ha dejado de ser solamente un hombre. Su nombre se volvi\u00f3 adjetivo, verbo, una forma de ret\u00f3rica argumentativa: A lo Dolina. Eso es dolinesco. Eso es doliniano. Vaya pavada de legado. Las palabras y los cosos. Incluso una plaza del barrio de Flores no lleva su nombre sino que va m\u00e1s all\u00e1: lleva el nombre de uno de sus personajes. El \u00c1ngel Gris. Es el triunfo de la prosa. <em>La demostraci\u00f3n de que la ficci\u00f3n puede cruzar la frontera de la p\u00e1gina e intervenir sobre la realidad<\/em>. Y acaso ese sea uno de los mayores reconocimientos que puede recibir un escritor: que sus personajes comiencen a caminar por el mundo sin pedirle permiso\u201d.<\/p>\n\n\n\n<p>Kevjal repas\u00f3 algunos de los universos que Dolina construy\u00f3 a lo largo de su trayectoria:<\/p>\n\n\n\n<p>\u201cGracias por haber construido durante d\u00e9cadas un lugar al que millones de personas pudimos entrar, donde todav\u00eda cabe la imaginaci\u00f3n, el humor, la m\u00fasica, la literatura, el amor, la melancol\u00eda y, por supuesto, las palabras.<br>Gracias, Alejandro Dolina. Gracias, Negro. Gracias, Doctor\u201d.<\/p>\n\n\n\n<p><br>Luego de recibir el diploma y la medalla de distinci\u00f3n, el flamante doctor honoris causa se dirigi\u00f3 al auditorio colmado, que lo ovacion\u00f3 de pie. En su discurso, Dolina comparti\u00f3 algunas reflexiones sobre la alegr\u00eda, la melancol\u00eda y la condici\u00f3n humana:<\/p>\n\n\n\n<p>\u201cLas alegr\u00edas despu\u00e9s de cierta edad vienen acompa\u00f1adas por una deliciosa melancol\u00eda y por una noble tristeza. No porque uno sienta los achaques, sino porque uno comprende mejor la naturaleza humana, siendo \u00e9sta tr\u00e1gica\u201d.<\/p>\n\n\n\n<p>Al referirse a la universidad p\u00fablica y al sentido de la ceremonia, sostuvo:<\/p>\n\n\n\n<p>\u201cPoder encontrar un poco de reflexi\u00f3n y un poco de amor, de comuni\u00f3n en esta alegr\u00eda personal tambi\u00e9n me alegra. Y es que por eso estamos aqu\u00ed en una universidad p\u00fablica, porque aqu\u00ed es donde se recibe pero tambi\u00e9n donde se da, y donde se produce a veces durante un ratito, un momento de comuni\u00f3n siendo que nuestra vida en general es solitaria.<\/p>\n\n\n\n<p>Hay otra cosa que cabe decir: no puedo evitar sentirme un poco farsante, sentirme un poco impostor. Evidentemente yo no provengo del mundo acad\u00e9mico. Claro, me dir\u00e1 alguno: \u201cUsted se habr\u00e1 le\u00eddo alg\u00fan libro\u201d.<\/p>\n\n\n\n<p>Le voy a rogar que nadie me diga que yo provengo de la universidad de la calle. No es un foro muy adecuado para formarse. Las cosas que se aprenden en la esquina no siempre son acad\u00e9micamente interesantes.<\/p>\n\n\n\n<p>De manera que si uno quiere aprender verdaderamente estudiar y aprender, pero adem\u00e1s vivir todo ese mundo maravilloso de intercambio, de sensaciones y de reflexiones acerca de la constituci\u00f3n de la realidad es mejor que vaya a la universidad y no al boliche de la esquina.<\/p>\n\n\n\n<p>Deber\u00edan entenderlo as\u00ed quienes los estados nacionales gobiernan y propender cuando se trata de educaci\u00f3n a preferir la inauguraci\u00f3n de universidades y colegios ante que las de parrilladas\u201d, finaliz\u00f3 fiel a su estilo.<\/p>\n\n\n\n<p>El homenaje culmin\u00f3 junto con Gabriel Rol\u00f3n, con quien el p\u00fablico pudo disfrutar de una c\u00e1lida conversaci\u00f3n entre dos entra\u00f1ables amigos.&#8211;<\/p>\n","protected":false},"excerpt":{"rendered":"<p>Se trata del reconocimiento honor\u00edfico de m\u00e1s alta jerarqu\u00eda que otorga la Universidad de Buenos Aires a personalidades de distintas disciplinas. El honoris causa a Alejandro Dolina reconoce la trayectoria&hellip; <\/p>\n","protected":false},"author":2,"featured_media":48645,"comment_status":"closed","ping_status":"closed","sticky":false,"template":"","format":"standard","meta":{"footnotes":""},"categories":[22],"tags":[],"class_list":["post-48644","post","type-post","status-publish","format-standard","has-post-thumbnail","hentry","category-sociedad"],"_links":{"self":[{"href":"https:\/\/eenergetica.com.ar\/index.php\/wp-json\/wp\/v2\/posts\/48644","targetHints":{"allow":["GET"]}}],"collection":[{"href":"https:\/\/eenergetica.com.ar\/index.php\/wp-json\/wp\/v2\/posts"}],"about":[{"href":"https:\/\/eenergetica.com.ar\/index.php\/wp-json\/wp\/v2\/types\/post"}],"author":[{"embeddable":true,"href":"https:\/\/eenergetica.com.ar\/index.php\/wp-json\/wp\/v2\/users\/2"}],"replies":[{"embeddable":true,"href":"https:\/\/eenergetica.com.ar\/index.php\/wp-json\/wp\/v2\/comments?post=48644"}],"version-history":[{"count":1,"href":"https:\/\/eenergetica.com.ar\/index.php\/wp-json\/wp\/v2\/posts\/48644\/revisions"}],"predecessor-version":[{"id":48646,"href":"https:\/\/eenergetica.com.ar\/index.php\/wp-json\/wp\/v2\/posts\/48644\/revisions\/48646"}],"wp:featuredmedia":[{"embeddable":true,"href":"https:\/\/eenergetica.com.ar\/index.php\/wp-json\/wp\/v2\/media\/48645"}],"wp:attachment":[{"href":"https:\/\/eenergetica.com.ar\/index.php\/wp-json\/wp\/v2\/media?parent=48644"}],"wp:term":[{"taxonomy":"category","embeddable":true,"href":"https:\/\/eenergetica.com.ar\/index.php\/wp-json\/wp\/v2\/categories?post=48644"},{"taxonomy":"post_tag","embeddable":true,"href":"https:\/\/eenergetica.com.ar\/index.php\/wp-json\/wp\/v2\/tags?post=48644"}],"curies":[{"name":"wp","href":"https:\/\/api.w.org\/{rel}","templated":true}]}}