{"id":48619,"date":"2026-09-03T01:35:00","date_gmt":"2026-09-03T04:35:00","guid":{"rendered":"http:\/\/eenergetica.com.ar\/?p=48619"},"modified":"2026-09-02T13:44:58","modified_gmt":"2026-09-02T16:44:58","slug":"ate-protesto-en-fabricaciones-militares-para-rechazar-su-intento-de-privatizacion-y-aguiar-asegura-que-el-conflicto-se-va-a-profundizar","status":"publish","type":"post","link":"https:\/\/eenergetica.com.ar\/index.php\/2026\/09\/03\/ate-protesto-en-fabricaciones-militares-para-rechazar-su-intento-de-privatizacion-y-aguiar-asegura-que-el-conflicto-se-va-a-profundizar\/","title":{"rendered":"ATE protest\u00f3 en Fabricaciones Militares para rechazar su intento de privatizaci\u00f3n y Aguiar asegura que \u201cel conflicto se va a profundizar\u201d"},"content":{"rendered":"\n<p>La Asociaci\u00f3n Trabajadores del Estado (ATE) realiz\u00f3 una protesta en la sede central de Fabricaciones Militares, ubicada&nbsp;<a href=\"https:\/\/www.google.com\/maps\/search\/Av.+Cabildo+65+(CABA?entry=gmail&amp;source=g\">Av. Cabildo 65 (CABA<\/a>), ante el intento de privatizaci\u00f3n y el sindicato advierte que si no hay respuesta por parte del Gobierno, el conflicto se podr\u00eda profundizar.<\/p>\n\n\n\n<p>&#8220;Pretender entregar el 51% de las acciones a empresas extranjeras es directamente avanzar en la completa extranjerizaci\u00f3n de las f\u00e1bricas militares de nuestro pa\u00eds. Esto hiere de muerte a un sector que es estrat\u00e9gico para la defensa de nuestra naci\u00f3n y se traduce en una p\u00e9rdida de soberan\u00eda que ser\u00e1 dif\u00edcil de recuperar&#8221;, se\u00f1al\u00f3 Rodolfo Aguiar, Secretario General de ATE Nacional.&nbsp;<\/p>\n\n\n\n<p>En este marco, detall\u00f3: \u201cLas empresas est\u00e1n en condiciones de producir y cuentan con trabajadores, pero eso al Gobierno no le interesa. Ac\u00e1 lo que est\u00e1 en juego son las licencias y los sellos de Fabricaciones Militares que se quieren apoderar para poder vender luego en cualquier lugar del mundo\u201d.<\/p>\n\n\n\n<p>\u201cVamos a seguir resistiendo esta entrega del patrimonio nacional y si no frenan en su intento, el conflicto se va a profundizar\u201d, concluy\u00f3 Rodolfo Aguiar.<\/p>\n\n\n\n<p>El sindicato denuncia que el Gobierno envi\u00f3 un pliego internacional que habilita la venta del 51% de las acciones sin tope m\u00e1ximo de la empresa estatal, lo que en caso de concretarse implicar\u00eda una p\u00e9rdida de soberan\u00eda nacional y de capacidad de decisi\u00f3n sobre un sector estrat\u00e9gico para la defensa del pa\u00eds.<\/p>\n\n\n\n<p>Mediante el Concurso P\u00fablico CPU-2026-SC-001, el Gobierno busca conformar uniones transitorias con operadores privados para sus actividades productivas, lo que dejar\u00eda la producci\u00f3n de Fabricaciones Militares en manos de empresas extranjeras.<\/p>\n\n\n\n<p>Fabricaciones Militares registr\u00f3 una fuerte ca\u00edda de la producci\u00f3n de elementos estrat\u00e9gicos para las Fuerzas Armadas y de Seguridad durante la gesti\u00f3n libertaria, como es el caso de las municiones (-44,13%), munici\u00f3n calibre 9 mm (-52,97%) y chalecos antibalas (-97,98%), entre otros. Este descenso se da en un contexto de un fuerte deterioro del sector industrial durante la gesti\u00f3n de Javier Milei.<\/p>\n\n\n\n<p>Seg\u00fan el \u00faltimo relevamiento del Centro de Econom\u00eda Pol\u00edtica Argentina (CEPA), la industria argentina cay\u00f3 7,9% entre 2023 y 2025, el segundo peor desempe\u00f1o entre 56 econom\u00edas relevadas. En ese per\u00edodo se perdieron 97.312 puestos de trabajo registrados en unidades productivas industriales.<\/p>\n\n\n\n<p>Este deterioro se profundiz\u00f3 con medidas como la derogaci\u00f3n de la Ley de Compre Nacional y del PRODEPRO (DNU 70\/2023), que sosten\u00eda Aportes No Reembolsables para empresas de sectores estrat\u00e9gicos, y el desmantelamiento del INTI mediante el decreto 462\/2025, que compromete el desarrollo de normas de calidad y la generaci\u00f3n de bienes con valor agregado nacional.<\/p>\n\n\n\n<p>Actualmente, Fabricaciones Militares tiene cuatro plantas operativas: F\u00e1brica Militar Fray Luis Beltr\u00e1n en Santa Fe, dedicada a materiales de Defensa y Seguridad; F\u00e1brica Militar R\u00edo Tercero y F\u00e1brica Militar Villa Mar\u00eda, ambas en C\u00f3rdoba, dedicadas a qu\u00edmicos y metalmec\u00e1nica por un lado y p\u00f3lvoras, explosivos y otros insumos estrat\u00e9gicos por el otro; adem\u00e1s de FANAZUL en Buenos Aires, que aporta capacidad productiva para la industria y la Defensa.<\/p>\n\n\n\n<p><\/p>\n","protected":false},"excerpt":{"rendered":"<p>La Asociaci\u00f3n Trabajadores del Estado (ATE) realiz\u00f3 una protesta en la sede central de Fabricaciones Militares, ubicada&nbsp;Av. Cabildo 65 (CABA), ante el intento de privatizaci\u00f3n y el sindicato advierte que&hellip; <\/p>\n","protected":false},"author":2,"featured_media":48620,"comment_status":"closed","ping_status":"closed","sticky":false,"template":"","format":"standard","meta":{"footnotes":""},"categories":[20],"tags":[],"class_list":["post-48619","post","type-post","status-publish","format-standard","has-post-thumbnail","hentry","category-politica"],"_links":{"self":[{"href":"https:\/\/eenergetica.com.ar\/index.php\/wp-json\/wp\/v2\/posts\/48619","targetHints":{"allow":["GET"]}}],"collection":[{"href":"https:\/\/eenergetica.com.ar\/index.php\/wp-json\/wp\/v2\/posts"}],"about":[{"href":"https:\/\/eenergetica.com.ar\/index.php\/wp-json\/wp\/v2\/types\/post"}],"author":[{"embeddable":true,"href":"https:\/\/eenergetica.com.ar\/index.php\/wp-json\/wp\/v2\/users\/2"}],"replies":[{"embeddable":true,"href":"https:\/\/eenergetica.com.ar\/index.php\/wp-json\/wp\/v2\/comments?post=48619"}],"version-history":[{"count":1,"href":"https:\/\/eenergetica.com.ar\/index.php\/wp-json\/wp\/v2\/posts\/48619\/revisions"}],"predecessor-version":[{"id":48621,"href":"https:\/\/eenergetica.com.ar\/index.php\/wp-json\/wp\/v2\/posts\/48619\/revisions\/48621"}],"wp:featuredmedia":[{"embeddable":true,"href":"https:\/\/eenergetica.com.ar\/index.php\/wp-json\/wp\/v2\/media\/48620"}],"wp:attachment":[{"href":"https:\/\/eenergetica.com.ar\/index.php\/wp-json\/wp\/v2\/media?parent=48619"}],"wp:term":[{"taxonomy":"category","embeddable":true,"href":"https:\/\/eenergetica.com.ar\/index.php\/wp-json\/wp\/v2\/categories?post=48619"},{"taxonomy":"post_tag","embeddable":true,"href":"https:\/\/eenergetica.com.ar\/index.php\/wp-json\/wp\/v2\/tags?post=48619"}],"curies":[{"name":"wp","href":"https:\/\/api.w.org\/{rel}","templated":true}]}}