{"id":48592,"date":"2026-09-04T08:52:40","date_gmt":"2026-09-04T11:52:40","guid":{"rendered":"http:\/\/eenergetica.com.ar\/?p=48592"},"modified":"2026-09-02T08:54:39","modified_gmt":"2026-09-02T11:54:39","slug":"marcelo-kohn-propone-otra-mirada-sobre-valparaiso-en-una-muestra-fotografica-en-la-uca","status":"publish","type":"post","link":"https:\/\/eenergetica.com.ar\/index.php\/2026\/09\/04\/marcelo-kohn-propone-otra-mirada-sobre-valparaiso-en-una-muestra-fotografica-en-la-uca\/","title":{"rendered":"Marcelo Kohn propone otra mirada sobre Valpara\u00edso en una muestra fotogr\u00e1fica en la UCA"},"content":{"rendered":"\n<p>El fot\u00f3grafo chileno<strong>&nbsp;Marcelo Kohn&nbsp;<\/strong>presentar\u00e1 desde este jueves en Buenos Aires&nbsp;<em>Valpara\u00edso<\/em>, una muestra que propone recorrer la ciudad chilena desde una perspectiva alejada de sus im\u00e1genes m\u00e1s conocidas. La exposici\u00f3n, con&nbsp;<strong>curadur\u00eda de Ernesto Mu\u00f1oz<\/strong>, podr\u00e1 visitarse<strong>&nbsp;hasta el 27 de septiembre en el Pabell\u00f3n de las Bellas Artes de la Universidad Cat\u00f3lica Argentina (UCA),<\/strong>&nbsp;en Puerto Madero, con entrada libre y gratuita.<\/p>\n\n\n\n<p>La selecci\u00f3n re\u00fane fotograf\u00edas realizadas por Kohn a lo largo de a\u00f1os de recorridos por Valpara\u00edso, pero en lugar de concentrarse en el puerto y el mar, desplaza la mirada hacia los cerros, las escaleras, las fachadas y los espacios cotidianos. Ropa tendida, ascensores, muros desgastados, cables, edificios antiguos y escenas de la vida urbana aparecen como fragmentos de una ciudad atravesada por el paso del tiempo.<\/p>\n\n\n\n<p>El trabajo evita, seg\u00fan la propuesta curatorial, tanto la postal tur\u00edstica como el registro directo del deterioro urbano. En esas im\u00e1genes,&nbsp;<strong>las marcas del tiempo funcionan como parte de una est\u00e9tica en la que la luz<\/strong>, los encuadres y el tratamiento crom\u00e1tico construyen una atm\u00f3sfera de nostalgia e intimidad.<\/p>\n\n\n\n<p>\u201cValpara\u00edso ha sido fotografiado innumerables veces\u201d, se\u00f1ala Mu\u00f1oz, quien sostiene que Kohn transforma la ciudad reconocible en un&nbsp;<strong>\u201cterritorio emocional\u201d.<\/strong>&nbsp;Desde esa perspectiva, las fotograf\u00edas no buscan solamente mostrar un lugar, sino recuperar las huellas de las vidas que lo habitan y convertirlas en materia de contemplaci\u00f3n.<\/p>\n\n\n\n<p>La muestra tambi\u00e9n establece una relaci\u00f3n con la tradici\u00f3n fotogr\u00e1fica y cinematogr\u00e1fica vinculada a Valpara\u00edso, aunque desarrolla una mirada propia sobre una ciudad situada entre el esplendor de su historia y la fragilidad de su presente. La nostalgia que atraviesa las im\u00e1genes no remite \u00fanicamente a un pasado perdido, sino tambi\u00e9n a la capacidad de la ciudad para reinventarse a trav\u00e9s de sus habitantes.<\/p>\n\n\n\n<p>Kohn, nacido en Chile en 1958, es fot\u00f3grafo autodidacta y cuenta con m\u00e1s de 45 a\u00f1os de trayectoria. Su formaci\u00f3n en fotograf\u00eda anal\u00f3gica estuvo marcada por la experimentaci\u00f3n con laboratorio, escenograf\u00edas, efectos especiales y t\u00e9cnicas de truca, a las que posteriormente incorpor\u00f3 herramientas digitales. Su producci\u00f3n autoral abarca paisajes, naturaleza muerta, desnudos y composiciones conceptuales, con especial atenci\u00f3n a la iluminaci\u00f3n y la construcci\u00f3n de la imagen.<\/p>\n\n\n\n<p><strong>La exposici\u00f3n se inaugurar\u00e1 este jueves a las 18&nbsp;<\/strong>y permanecer\u00e1 abierta hasta el 27 de septiembre, de lunes a domingos de 11 a 19, en el Pabell\u00f3n de las Bellas Artes de la UCA, ubicado en avenida Alicia Moreau de Justo 1300, Puerto Madero.<\/p>\n\n\n\n<p>Agencia NA<\/p>\n","protected":false},"excerpt":{"rendered":"<p>El fot\u00f3grafo chileno&nbsp;Marcelo Kohn&nbsp;presentar\u00e1 desde este jueves en Buenos Aires&nbsp;Valpara\u00edso, una muestra que propone recorrer la ciudad chilena desde una perspectiva alejada de sus im\u00e1genes m\u00e1s conocidas. La exposici\u00f3n, con&nbsp;curadur\u00eda&hellip; <\/p>\n","protected":false},"author":2,"featured_media":48593,"comment_status":"closed","ping_status":"closed","sticky":false,"template":"","format":"standard","meta":{"footnotes":""},"categories":[27],"tags":[],"class_list":["post-48592","post","type-post","status-publish","format-standard","has-post-thumbnail","hentry","category-turismo"],"_links":{"self":[{"href":"https:\/\/eenergetica.com.ar\/index.php\/wp-json\/wp\/v2\/posts\/48592","targetHints":{"allow":["GET"]}}],"collection":[{"href":"https:\/\/eenergetica.com.ar\/index.php\/wp-json\/wp\/v2\/posts"}],"about":[{"href":"https:\/\/eenergetica.com.ar\/index.php\/wp-json\/wp\/v2\/types\/post"}],"author":[{"embeddable":true,"href":"https:\/\/eenergetica.com.ar\/index.php\/wp-json\/wp\/v2\/users\/2"}],"replies":[{"embeddable":true,"href":"https:\/\/eenergetica.com.ar\/index.php\/wp-json\/wp\/v2\/comments?post=48592"}],"version-history":[{"count":1,"href":"https:\/\/eenergetica.com.ar\/index.php\/wp-json\/wp\/v2\/posts\/48592\/revisions"}],"predecessor-version":[{"id":48594,"href":"https:\/\/eenergetica.com.ar\/index.php\/wp-json\/wp\/v2\/posts\/48592\/revisions\/48594"}],"wp:featuredmedia":[{"embeddable":true,"href":"https:\/\/eenergetica.com.ar\/index.php\/wp-json\/wp\/v2\/media\/48593"}],"wp:attachment":[{"href":"https:\/\/eenergetica.com.ar\/index.php\/wp-json\/wp\/v2\/media?parent=48592"}],"wp:term":[{"taxonomy":"category","embeddable":true,"href":"https:\/\/eenergetica.com.ar\/index.php\/wp-json\/wp\/v2\/categories?post=48592"},{"taxonomy":"post_tag","embeddable":true,"href":"https:\/\/eenergetica.com.ar\/index.php\/wp-json\/wp\/v2\/tags?post=48592"}],"curies":[{"name":"wp","href":"https:\/\/api.w.org\/{rel}","templated":true}]}}