{"id":48571,"date":"2026-09-04T08:30:26","date_gmt":"2026-09-04T11:30:26","guid":{"rendered":"http:\/\/eenergetica.com.ar\/?p=48571"},"modified":"2026-09-02T08:31:40","modified_gmt":"2026-09-02T11:31:40","slug":"la-calle-158-llevara-el-nombre-dr-juan-jose-mussi","status":"publish","type":"post","link":"https:\/\/eenergetica.com.ar\/index.php\/2026\/09\/04\/la-calle-158-llevara-el-nombre-dr-juan-jose-mussi\/","title":{"rendered":"La calle 158 llevar\u00e1 el nombre Dr. Juan Jos\u00e9 Mussi"},"content":{"rendered":"\n<p><strong>Este domingo 6 de septiembre se realizar\u00e1 el acto de imposici\u00f3n del nombre Dr. Juan Jos\u00e9 Mussi a la calle 158, entre Av. Bemberg y 42. Por este motivo, se invita especialmente a todos los vecinos y vecinas, a partir de las 10.30, en calle 158 y 45 (Pl\u00e1tanos), para caminar unidos hasta la casa que vio nacer al hist\u00f3rico dirigente berazateguense, en lo que ser\u00e1 una jornada de reconocimiento, memoria y emoci\u00f3n.<\/strong><\/p>\n\n\n\n<p>La iniciativa surgi\u00f3 a partir del pedido de Adela Mussi -hermana de Juan Jos\u00e9- al intendente Carlos Balor, quien contin\u00faa su legado y cumplir\u00e1 con este sentido homenaje en un lugar entra\u00f1able de la historia familiar de Juan Jos\u00e9 Mussi.<\/p>\n\n\n\n<p>El tramo elegido guarda un valor especialmente significativo, ya que all\u00ed se encuentra ubicada la casa natal del m\u00e9dico e Intendente que impuls\u00f3 el crecimiento de Berazategui.<\/p>\n","protected":false},"excerpt":{"rendered":"<p>Este domingo 6 de septiembre se realizar\u00e1 el acto de imposici\u00f3n del nombre Dr. Juan Jos\u00e9 Mussi a la calle 158, entre Av. Bemberg y 42. Por este motivo, se&hellip; <\/p>\n","protected":false},"author":2,"featured_media":48572,"comment_status":"closed","ping_status":"closed","sticky":false,"template":"","format":"standard","meta":{"footnotes":""},"categories":[22],"tags":[],"class_list":["post-48571","post","type-post","status-publish","format-standard","has-post-thumbnail","hentry","category-sociedad"],"_links":{"self":[{"href":"https:\/\/eenergetica.com.ar\/index.php\/wp-json\/wp\/v2\/posts\/48571","targetHints":{"allow":["GET"]}}],"collection":[{"href":"https:\/\/eenergetica.com.ar\/index.php\/wp-json\/wp\/v2\/posts"}],"about":[{"href":"https:\/\/eenergetica.com.ar\/index.php\/wp-json\/wp\/v2\/types\/post"}],"author":[{"embeddable":true,"href":"https:\/\/eenergetica.com.ar\/index.php\/wp-json\/wp\/v2\/users\/2"}],"replies":[{"embeddable":true,"href":"https:\/\/eenergetica.com.ar\/index.php\/wp-json\/wp\/v2\/comments?post=48571"}],"version-history":[{"count":1,"href":"https:\/\/eenergetica.com.ar\/index.php\/wp-json\/wp\/v2\/posts\/48571\/revisions"}],"predecessor-version":[{"id":48573,"href":"https:\/\/eenergetica.com.ar\/index.php\/wp-json\/wp\/v2\/posts\/48571\/revisions\/48573"}],"wp:featuredmedia":[{"embeddable":true,"href":"https:\/\/eenergetica.com.ar\/index.php\/wp-json\/wp\/v2\/media\/48572"}],"wp:attachment":[{"href":"https:\/\/eenergetica.com.ar\/index.php\/wp-json\/wp\/v2\/media?parent=48571"}],"wp:term":[{"taxonomy":"category","embeddable":true,"href":"https:\/\/eenergetica.com.ar\/index.php\/wp-json\/wp\/v2\/categories?post=48571"},{"taxonomy":"post_tag","embeddable":true,"href":"https:\/\/eenergetica.com.ar\/index.php\/wp-json\/wp\/v2\/tags?post=48571"}],"curies":[{"name":"wp","href":"https:\/\/api.w.org\/{rel}","templated":true}]}}