{"id":48556,"date":"2026-09-02T08:13:18","date_gmt":"2026-09-02T11:13:18","guid":{"rendered":"http:\/\/eenergetica.com.ar\/?p=48556"},"modified":"2026-09-02T08:13:19","modified_gmt":"2026-09-02T11:13:19","slug":"el-gobierno-fijo-aumentos-escalonados-para-el-salario-minimo-hasta-abril-de-2027","status":"publish","type":"post","link":"https:\/\/eenergetica.com.ar\/index.php\/2026\/09\/02\/el-gobierno-fijo-aumentos-escalonados-para-el-salario-minimo-hasta-abril-de-2027\/","title":{"rendered":"El Gobierno fij\u00f3 aumentos escalonados para el salario m\u00ednimo hasta abril de 2027"},"content":{"rendered":"\n<p>El Gobierno fij\u00f3<strong>&nbsp;nuevos pisos salariales con aumentos escalonados desde septiembre de este a\u00f1o hasta abril de 2027<\/strong>, junto con la prestaci\u00f3n por desempleo, mediante la Resoluci\u00f3n 4\/2026 publicada este mi\u00e9rcoles en el Bolet\u00edn Oficial.<\/p>\n\n\n\n<p>La medida, dispuesta por la presidente alterna del Consejo Nacional del Empleo, la Productividad y el Salario M\u00ednimo, Vital y M\u00f3vil, Claudia Silvana Testa,&nbsp;<mark>se toma tras las negociaciones truncas<\/mark>&nbsp;entre los representantes sindicales y empleadores, que no lograron un consenso en la sesi\u00f3n plenaria realizada el 28 de agosto.<\/p>\n\n\n\n<p>Al respecto, el texto oficial precis\u00f3 que en dicha oportunidad se detallaron las propuestas de los representantes de ambos sectores, pero&nbsp;<strong>\u201cluego de un extenso intercambio de opiniones, no se logr\u00f3 alcanzar un acuerdo\u201d.<\/strong><\/p>\n\n\n\n<p>De esta manera, el Ejecutivo&nbsp;<mark>defini\u00f3 nuevamente de manera unilateral<\/mark>&nbsp;la remuneraci\u00f3n m\u00ednima para todos los trabajadores comprendidos en el R\u00e9gimen de Contrato de Trabajo, en el R\u00e9gimen de Trabajo Agrario, de la Administraci\u00f3n P\u00fablica Nacional y de todas las entidades y organismos del Estado Nacional que act\u00fae como empleador.<\/p>\n\n\n\n<p>Hasta agosto el valor del salario m\u00ednimo era de $376.600 y con la actualizaci\u00f3n pasar\u00e1 en septiembre a $383.800, mientras que en el cuarto mes del pr\u00f3ximo calendario<strong>&nbsp;llegar\u00e1 a $437.000, lo que implica que en 8 meses subir\u00e1 $60.400.<\/strong><\/p>\n\n\n\n<h4 class=\"wp-block-heading\">Salario m\u00ednimo: los nuevos montos por mes y hora<\/h4>\n\n\n\n<ul class=\"wp-block-list\">\n<li>Septiembre 2026: $383.800 el mes y $1.919 la hora.<\/li>\n\n\n\n<li>Octubre 2026: $391.200 el mes y $1.956 por hora.<\/li>\n\n\n\n<li>Noviembre 2026: $398.800 el mes y $1.994 la hora<\/li>\n\n\n\n<li>Diciembre 2026: $406.400 el mes y $2.032 por hora.<\/li>\n\n\n\n<li>Enero 2027: $414.200 el mes y $2.071 la hora.<\/li>\n\n\n\n<li>Febrero 2027: $422.000 el mes y $2.110 la hora.<\/li>\n\n\n\n<li>Marzo 2027: $429.600 el mes y $2.148 la hora.<\/li>\n\n\n\n<li>Abril 2027: $437.000 el mes y $2.185 la hora.<\/li>\n<\/ul>\n\n\n\n<p>El salario m\u00ednimo&nbsp;<mark>viene perdiendo contra la inflaci\u00f3n<\/mark>&nbsp;en lo que va de la gesti\u00f3n de Javier Milei. Entre noviembre de 2023 y julio pasado, el sueldo m\u00ednimo real&nbsp;<strong>acumul\u00f3 una ca\u00edda del 40,5%<\/strong>, seg\u00fan calcula el Instituto Interdisciplinario de Econom\u00eda Pol\u00edtica (UBA-CONICET).<\/p>\n\n\n\n<p>Asimismo, la normativa estipul\u00f3 que la prestaci\u00f3n por desempleo \u201c<strong>ser\u00e1 equivalente a un 75% del importe neto de la mejor remuneraci\u00f3n mensual, normal y habitual&nbsp;<\/strong>del trabajador en los seis meses anteriores al cese del contrato de trabajo que dio lugar a la situaci\u00f3n de desempleo\u201d.<\/p>\n\n\n\n<p>Adem\u00e1s, determin\u00f3 que \u201cen ning\u00fan caso la prestaci\u00f3n mensual podr\u00e1 ser inferior al 50% del Salario M\u00ednimo Vital y M\u00f3vil vigente, ni superior al 100% del Salario M\u00ednimo Vital y M\u00f3vil vigente\u201d.<\/p>\n\n\n\n<p>Agencia NA<\/p>\n","protected":false},"excerpt":{"rendered":"<p>El Gobierno fij\u00f3&nbsp;nuevos pisos salariales con aumentos escalonados desde septiembre de este a\u00f1o hasta abril de 2027, junto con la prestaci\u00f3n por desempleo, mediante la Resoluci\u00f3n 4\/2026 publicada este mi\u00e9rcoles&hellip; <\/p>\n","protected":false},"author":2,"featured_media":48557,"comment_status":"closed","ping_status":"closed","sticky":false,"template":"","format":"standard","meta":{"footnotes":""},"categories":[21],"tags":[],"class_list":["post-48556","post","type-post","status-publish","format-standard","has-post-thumbnail","hentry","category-economia"],"_links":{"self":[{"href":"https:\/\/eenergetica.com.ar\/index.php\/wp-json\/wp\/v2\/posts\/48556","targetHints":{"allow":["GET"]}}],"collection":[{"href":"https:\/\/eenergetica.com.ar\/index.php\/wp-json\/wp\/v2\/posts"}],"about":[{"href":"https:\/\/eenergetica.com.ar\/index.php\/wp-json\/wp\/v2\/types\/post"}],"author":[{"embeddable":true,"href":"https:\/\/eenergetica.com.ar\/index.php\/wp-json\/wp\/v2\/users\/2"}],"replies":[{"embeddable":true,"href":"https:\/\/eenergetica.com.ar\/index.php\/wp-json\/wp\/v2\/comments?post=48556"}],"version-history":[{"count":1,"href":"https:\/\/eenergetica.com.ar\/index.php\/wp-json\/wp\/v2\/posts\/48556\/revisions"}],"predecessor-version":[{"id":48558,"href":"https:\/\/eenergetica.com.ar\/index.php\/wp-json\/wp\/v2\/posts\/48556\/revisions\/48558"}],"wp:featuredmedia":[{"embeddable":true,"href":"https:\/\/eenergetica.com.ar\/index.php\/wp-json\/wp\/v2\/media\/48557"}],"wp:attachment":[{"href":"https:\/\/eenergetica.com.ar\/index.php\/wp-json\/wp\/v2\/media?parent=48556"}],"wp:term":[{"taxonomy":"category","embeddable":true,"href":"https:\/\/eenergetica.com.ar\/index.php\/wp-json\/wp\/v2\/categories?post=48556"},{"taxonomy":"post_tag","embeddable":true,"href":"https:\/\/eenergetica.com.ar\/index.php\/wp-json\/wp\/v2\/tags?post=48556"}],"curies":[{"name":"wp","href":"https:\/\/api.w.org\/{rel}","templated":true}]}}