{"id":48553,"date":"2026-09-02T08:11:46","date_gmt":"2026-09-02T11:11:46","guid":{"rendered":"http:\/\/eenergetica.com.ar\/?p=48553"},"modified":"2026-09-02T08:11:50","modified_gmt":"2026-09-02T11:11:50","slug":"gremios-universitarios-pararan-este-miercoles-tras-fracasar-la-reunion-con-el-gobierno-por-un-aumento-salarial","status":"publish","type":"post","link":"https:\/\/eenergetica.com.ar\/index.php\/2026\/09\/02\/gremios-universitarios-pararan-este-miercoles-tras-fracasar-la-reunion-con-el-gobierno-por-un-aumento-salarial\/","title":{"rendered":"Gremios universitarios parar\u00e1n este mi\u00e9rcoles, tras fracasar la reuni\u00f3n con el Gobierno por un aumento salarial"},"content":{"rendered":"\n<p>&nbsp;<strong>La reuni\u00f3n entre el Ministerio de Capital Humano y los representantes de los gremios docentes y no docentes de las universidades nacionales<\/strong>, cuyo objetivo era acordar un aumento salarial, finaliz\u00f3 sin un acuerdo y, en consecuencia, las entidades realizar\u00e1n este mi\u00e9rcoles<strong>&nbsp;un paro de 24 horas.<\/strong><\/p>\n\n\n\n<p>A trav\u00e9s de un comunicado, la cartera dirigida por<strong>&nbsp;Sandra Pettovello<\/strong>&nbsp;indic\u00f3 que &#8220;se present\u00f3 una propuesta d<strong>e incremento salarial con una pauta del 6% para el pr\u00f3ximo bimestre&#8221;&nbsp;<\/strong>y explic\u00f3 que &#8220;el objetivo de la convocatoria apunta a la continuidad de la negociaci\u00f3n paritaria con las asociaciones sindicales del sector educativo universitario&#8221;.<\/p>\n\n\n\n<p>En la reuni\u00f3n encabezada por el subsecretario de Pol\u00edticas Universitarias,&nbsp;<strong>Alejandro \u00c1lvarez<\/strong>, se plante\u00f3 una oferta que contempla&nbsp;<strong>&#8220;un incremento del 3% en las remuneraciones correspondientes al mes de septiembre&#8221; m\u00e1s &#8220;la ratificaci\u00f3n de la vigencia del aumento del 3% fijado para octubre<\/strong>, porcentaje acordado y comprometido formalmente en las mesas de negociaci\u00f3n de junio pasado&#8221;.&nbsp;<\/p>\n\n\n\n<p>&#8220;De este modo, la propuesta consolidada por el Poder Ejecutivo alcanza un incremento total del 6% para el personal docente de la actividad universitaria&#8221;, detalla el texto.<\/p>\n\n\n\n<p>Pese a la medida de fuerza pautada para el mi\u00e9rcoles 2 de septiembre,<strong>&nbsp;el Gobierno retomar\u00e1 las negociaciones el jueves 17.<\/strong><\/p>\n\n\n\n<p><strong>PARO UNIVERSITARIO<\/strong><\/p>\n\n\n\n<p><strong>&nbsp;Oscar Vallejos<\/strong>, secretario adjunto de<strong>&nbsp;CONADU<\/strong>&nbsp;Hist\u00f3rica y secretario de Formaci\u00f3n de la CTA, dialog\u00f3 con la prensa al t\u00e9rmino de la reuni\u00f3n e inform\u00f3:&nbsp;<strong>&#8220;Como Frente Gremial Universitario vamos a un paro de 24 horas ma\u00f1ana<\/strong>, y el jueves 3 de septiembre nos reunimos en Bariloche en ocasi\u00f3n del plenario del Consejo Universitario Nacional; all\u00ed&nbsp;<strong>tomaremos decisiones sobre las medidas de fuerza futuras ante este Gobierno<\/strong>&nbsp;que incumple constantemente, mientras intenta romper los moldes en que la universidad p\u00fablica tiene sentido para esta sociedad&#8221;.<\/p>\n\n\n\n<p>Y marc\u00f3:&nbsp;<strong>&#8220;Est\u00e1 claro que el Gobierno genera esta instancia paritaria a los \u00fanicos efectos de ganar tiempo en la Justicia<\/strong>, ya que tienen tres d\u00edas para informar el avance en el cumplimiento de la cautelar y no han hecho nada\u201d.<\/p>\n\n\n\n<p>En esa l\u00ednea,<strong>&nbsp;Francisca \u201cPaquita\u201d Staiti, secretaria general de CONADU<\/strong>&nbsp;Hist\u00f3rica, manifest\u00f3: \u201cSalimos de la paritaria salarial docente universitaria y preuniversitaria que fracas\u00f3.<strong>&nbsp;El Gobierno trajo una propuesta de 3% de recomposici\u00f3n para septiembre, muy lejos del 31,2% que se nos est\u00e1 adeudando a julio&nbsp;<\/strong>por la cautelar de la Justicia que establece el cumplimiento de la Ley de Financiamiento Universitario, m\u00e1s la inflaci\u00f3n que corresponde a agosto\u201d.<\/p>\n\n\n\n<p>Por lo tanto, afirm\u00f3: \u201c<strong>Est\u00e1 claro que la Subsecretar\u00eda de Pol\u00edticas Universitarias no intenta moderar el conflicto, sino que lo va a profundizar cada vez m\u00e1s\u201d.<\/strong><\/p>\n\n\n\n<p>Agencia NA<\/p>\n","protected":false},"excerpt":{"rendered":"<p>&nbsp;La reuni\u00f3n entre el Ministerio de Capital Humano y los representantes de los gremios docentes y no docentes de las universidades nacionales, cuyo objetivo era acordar un aumento salarial, finaliz\u00f3&hellip; <\/p>\n","protected":false},"author":2,"featured_media":48554,"comment_status":"closed","ping_status":"closed","sticky":false,"template":"","format":"standard","meta":{"footnotes":""},"categories":[28,21],"tags":[],"class_list":["post-48553","post","type-post","status-publish","format-standard","has-post-thumbnail","hentry","category-destacada","category-economia"],"_links":{"self":[{"href":"https:\/\/eenergetica.com.ar\/index.php\/wp-json\/wp\/v2\/posts\/48553","targetHints":{"allow":["GET"]}}],"collection":[{"href":"https:\/\/eenergetica.com.ar\/index.php\/wp-json\/wp\/v2\/posts"}],"about":[{"href":"https:\/\/eenergetica.com.ar\/index.php\/wp-json\/wp\/v2\/types\/post"}],"author":[{"embeddable":true,"href":"https:\/\/eenergetica.com.ar\/index.php\/wp-json\/wp\/v2\/users\/2"}],"replies":[{"embeddable":true,"href":"https:\/\/eenergetica.com.ar\/index.php\/wp-json\/wp\/v2\/comments?post=48553"}],"version-history":[{"count":1,"href":"https:\/\/eenergetica.com.ar\/index.php\/wp-json\/wp\/v2\/posts\/48553\/revisions"}],"predecessor-version":[{"id":48555,"href":"https:\/\/eenergetica.com.ar\/index.php\/wp-json\/wp\/v2\/posts\/48553\/revisions\/48555"}],"wp:featuredmedia":[{"embeddable":true,"href":"https:\/\/eenergetica.com.ar\/index.php\/wp-json\/wp\/v2\/media\/48554"}],"wp:attachment":[{"href":"https:\/\/eenergetica.com.ar\/index.php\/wp-json\/wp\/v2\/media?parent=48553"}],"wp:term":[{"taxonomy":"category","embeddable":true,"href":"https:\/\/eenergetica.com.ar\/index.php\/wp-json\/wp\/v2\/categories?post=48553"},{"taxonomy":"post_tag","embeddable":true,"href":"https:\/\/eenergetica.com.ar\/index.php\/wp-json\/wp\/v2\/tags?post=48553"}],"curies":[{"name":"wp","href":"https:\/\/api.w.org\/{rel}","templated":true}]}}