{"id":48550,"date":"2026-09-02T08:09:42","date_gmt":"2026-09-02T11:09:42","guid":{"rendered":"http:\/\/eenergetica.com.ar\/?p=48550"},"modified":"2026-09-02T08:09:42","modified_gmt":"2026-09-02T11:09:42","slug":"el-senado-analiza-paquete-de-proyectos-de-aliados-para-asegurar-respaldo-antes-de-tratar-reformas-del-gobierno","status":"publish","type":"post","link":"https:\/\/eenergetica.com.ar\/index.php\/2026\/09\/02\/el-senado-analiza-paquete-de-proyectos-de-aliados-para-asegurar-respaldo-antes-de-tratar-reformas-del-gobierno\/","title":{"rendered":"El Senado analiza paquete de proyectos de aliados para asegurar respaldo antes de tratar reformas del Gobierno"},"content":{"rendered":"\n<p><strong>El Senado avanzar\u00e1 este mi\u00e9rcoles con el debate de los proyectos impulsados por radicales y bloques provinciales, referidos a la creaci\u00f3n de un r\u00e9gimen de incentivos para inversiones relevantes de medianas empresas<\/strong>&nbsp;y la regulaci\u00f3n de un mercado voluntario de carbono, para apuntalar las econom\u00edas regionales.<\/p>\n\n\n\n<p><strong>El r\u00e9gimen para medianas inversiones, el mercado de carbono son los temas que buscan impulsar ma\u00f1ana los bloques de la oposici\u00f3n dialoguista<\/strong>, mientras que el Gobierno pretende avanzar con los proyectos de reforma del Banco Central, Inocencia Fiscal II y la reforma electoral.<\/p>\n\n\n\n<p>La bancada de La Libertad Avanza, que conduce Patricia Bullrich, apunta as\u00ed a conceder espacio a iniciativas vinculadas con las econom\u00edas regionales y los sectores productivos de distintas provincias,&nbsp;<strong>con la expectativa de que ese gesto facilite luego el tratamiento de las reformas que el Gobierno considera prioritarias.<\/strong><\/p>\n\n\n\n<h3 class=\"wp-block-heading\">Un gesto hacia la UCR y los bloques provinciales<\/h3>\n\n\n\n<p>Uno de los proyectos que concentra la atenci\u00f3n es el&nbsp;<strong>R\u00e9gimen de Incentivo para Inversiones Relevantes<\/strong>, presentado por el senador Eduardo Vischi, que busca generar beneficios fiscales para medianas empresas que realicen inversiones productivas superiores a los&nbsp;<strong>US$12 millones<\/strong>&nbsp;durante los primeros dos a\u00f1os.<\/p>\n\n\n\n<p>El proyecto volver\u00e1 a ser analizado este mi\u00e9rcoles a las 11, en un plenario de las comisiones de Presupuesto y Hacienda, Econom\u00edas Regionales y Legislaci\u00f3n General, que presiden&nbsp;<strong>Agust\u00edn Monteverde (LLA), Jorge Capitanich y Nadia M\u00e1rquez<\/strong>, respectivamente.<\/p>\n\n\n\n<p>La iniciativa funciona como un complemento del esquema de incentivos para grandes inversiones que impulsa el Gobierno y comenz\u00f3 a cosechar respaldo transversal durante su tratamiento en comisi\u00f3n.<\/p>\n\n\n\n<p>El r\u00e9gimen establece beneficios como la amortizaci\u00f3n acelerada en el Impuesto a las Ganancias y la devoluci\u00f3n anticipada de cr\u00e9ditos fiscales del IVA. A su vez, excluye de los beneficios a las inversiones financieras, de portfolio y a los bienes de cambio.<\/p>\n\n\n\n<h3 class=\"wp-block-heading\">El mercado de carbono suma otro cap\u00edtulo<\/h3>\n\n\n\n<p>La agenda tambi\u00e9n contempla el tratamiento del&nbsp;<strong>Mercado Voluntario de Carbono<\/strong>, un proyecto que involucra a distintos bloques dialoguistas y que puede adquirir especial relevancia para las provincias del norte.<\/p>\n\n\n\n<p>Las iniciativas son impulsadas por los opositores dialoguistas, la salte\u00f1a&nbsp;<strong>Flavia Roy\u00f3n<\/strong>, y los misioneros&nbsp;<strong>Sonia Rojas Decut y Carlos Arce<\/strong><\/p>\n\n\n\n<p>El debate se retomar\u00e1 ma\u00f1ana a las 17 en un plenario de las comisiones de Legislaci\u00f3n General, Ambiente y Desarrollo Sustentable y Presupuesto y Hacienda.<\/p>\n\n\n\n<p>Las iniciativas buscan establecer un marco regulatorio para el desarrollo de proyectos vinculados con la reducci\u00f3n de emisiones y la generaci\u00f3n de cr\u00e9ditos de carbono.<\/p>\n\n\n\n<p>Entre los incentivos contemplados aparecen beneficios fiscales para los ingresos derivados de la primera venta de cr\u00e9ditos de carbono, amortizaci\u00f3n acelerada para determinadas inversiones tecnol\u00f3gicas y estabilidad fiscal para los proyectos registrados.<\/p>\n\n\n\n<p>El tema, sin embargo, tambi\u00e9n genera discusi\u00f3n fuera del Congreso. Organizaciones ambientales reclamaron recientemente que el Senado incorpore una mayor participaci\u00f3n de especialistas, comunidades y organizaciones en el debate y advirtieron sobre las implicancias ambientales, sociales y federales que podr\u00eda tener la regulaci\u00f3n.<\/p>\n\n\n\n<p>Agencia NA<\/p>\n","protected":false},"excerpt":{"rendered":"<p>El Senado avanzar\u00e1 este mi\u00e9rcoles con el debate de los proyectos impulsados por radicales y bloques provinciales, referidos a la creaci\u00f3n de un r\u00e9gimen de incentivos para inversiones relevantes de&hellip; <\/p>\n","protected":false},"author":2,"featured_media":48551,"comment_status":"closed","ping_status":"closed","sticky":false,"template":"","format":"standard","meta":{"footnotes":""},"categories":[20],"tags":[],"class_list":["post-48550","post","type-post","status-publish","format-standard","has-post-thumbnail","hentry","category-politica"],"_links":{"self":[{"href":"https:\/\/eenergetica.com.ar\/index.php\/wp-json\/wp\/v2\/posts\/48550","targetHints":{"allow":["GET"]}}],"collection":[{"href":"https:\/\/eenergetica.com.ar\/index.php\/wp-json\/wp\/v2\/posts"}],"about":[{"href":"https:\/\/eenergetica.com.ar\/index.php\/wp-json\/wp\/v2\/types\/post"}],"author":[{"embeddable":true,"href":"https:\/\/eenergetica.com.ar\/index.php\/wp-json\/wp\/v2\/users\/2"}],"replies":[{"embeddable":true,"href":"https:\/\/eenergetica.com.ar\/index.php\/wp-json\/wp\/v2\/comments?post=48550"}],"version-history":[{"count":1,"href":"https:\/\/eenergetica.com.ar\/index.php\/wp-json\/wp\/v2\/posts\/48550\/revisions"}],"predecessor-version":[{"id":48552,"href":"https:\/\/eenergetica.com.ar\/index.php\/wp-json\/wp\/v2\/posts\/48550\/revisions\/48552"}],"wp:featuredmedia":[{"embeddable":true,"href":"https:\/\/eenergetica.com.ar\/index.php\/wp-json\/wp\/v2\/media\/48551"}],"wp:attachment":[{"href":"https:\/\/eenergetica.com.ar\/index.php\/wp-json\/wp\/v2\/media?parent=48550"}],"wp:term":[{"taxonomy":"category","embeddable":true,"href":"https:\/\/eenergetica.com.ar\/index.php\/wp-json\/wp\/v2\/categories?post=48550"},{"taxonomy":"post_tag","embeddable":true,"href":"https:\/\/eenergetica.com.ar\/index.php\/wp-json\/wp\/v2\/tags?post=48550"}],"curies":[{"name":"wp","href":"https:\/\/api.w.org\/{rel}","templated":true}]}}