{"id":48547,"date":"2026-09-02T08:08:02","date_gmt":"2026-09-02T11:08:02","guid":{"rendered":"http:\/\/eenergetica.com.ar\/?p=48547"},"modified":"2026-09-02T08:08:02","modified_gmt":"2026-09-02T11:08:02","slug":"en-medio-de-la-presion-opositora-el-oficialismo-lleva-a-funcionarios-a-explicar-la-crisis-del-sistema-de-discapacidad","status":"publish","type":"post","link":"https:\/\/eenergetica.com.ar\/index.php\/2026\/09\/02\/en-medio-de-la-presion-opositora-el-oficialismo-lleva-a-funcionarios-a-explicar-la-crisis-del-sistema-de-discapacidad\/","title":{"rendered":"En medio de la presi\u00f3n opositora, el oficialismo lleva a funcionarios a explicar la crisis del sistema de Discapacidad"},"content":{"rendered":"\n<p>&nbsp;En medio de la presi\u00f3n opositora, la comisi\u00f3n de Discapacidad realizar\u00e1 este mi\u00e9rcoles una reuni\u00f3n informativa con la presencia del titular de la Secretar\u00eda Nacional de Discapacidad,&nbsp;<strong>Alejandro Vilches<\/strong>, y de otros dos funcionarios del \u00e1rea para dar cuenta de las medidas implementadas a fin de revertir la crisis del sector.<\/p>\n\n\n\n<p>Con la oposici\u00f3n al acecho tras el anuncio de una<strong>&nbsp;sesi\u00f3n para el 9 de septiembre con la emergencia en Discapacidad<\/strong>&nbsp;como uno de los dos pilares del temario, el cuerpo que preside el libertario<strong>&nbsp;Gerardo Huesen<\/strong>&nbsp;se reunir\u00e1 este mi\u00e9rcoles desde las 16 para escuchar a la m\u00e1xima autoridad del \u00e1rea, al subsecretario de Pol\u00edtica de Acceso y Apoyos,&nbsp;<strong>Esteban Giler,<\/strong>&nbsp;y al subsecretario de Regulaci\u00f3n, Certificaci\u00f3n y Proyectos,&nbsp;<strong>Gianfranco Scigliano<\/strong>.<\/p>\n\n\n\n<p>Mientras una confluencia de bloques opositores presiona para llevar al recinto la<strong>&nbsp;pr\u00f3rroga de la Ley de Emergencia en Discapacidad&nbsp;<\/strong>(que el Poder Ejecutivo se resiste a aplicar en su totalidad con justificaciones fiscales),&nbsp;<strong>el oficialismo busca frustrar el qu\u00f3rum de dicha sesi\u00f3n&nbsp;<\/strong>y centra su estrategia en mostrarle a los &#8220;dialoguistas&#8221; la buena predisposici\u00f3n del Gobierno para diagnosticar en la &#8220;casa del pueblo&#8221; el cuadro de situaci\u00f3n y las supuestas mejoras implementadas en el sistema.<\/p>\n\n\n\n<p><strong>La situaci\u00f3n en el \u00e1rea de discapacitados est\u00e1 marcada por la suspensi\u00f3n de prestaciones de obras sociales, prepagas y profesionales por la interrupci\u00f3n en la cadena de pagos, la baja de pensiones por invalidez y la falta de actualizaci\u00f3n de los aranceles acorde al aumento del costo de vida.<\/strong><\/p>\n\n\n\n<p>Seg\u00fan pudo saber la&nbsp;<strong>Agencia Noticias Argentinas (NA),&nbsp;<\/strong>los diputados de&nbsp;<strong>Uni\u00f3n por la Patria (UxP)<\/strong>&nbsp;accedieron este mismo martes a la n\u00f3mina de funcionarios invitados por el oficialismo y se pusieron r\u00e1pidamente a trabajar en un cuestionario de preguntas y planteos.<\/p>\n\n\n\n<p><strong>&#8220;La discusi\u00f3n es si el Gobierno va a aceptar que los funcionarios le den la respuesta que no les dan a las organizaciones de y para personas con discapacidad&#8221;,<\/strong>&nbsp;sostuvo el vicepresidente primero de la comisi\u00f3n,<strong>&nbsp;Juan Marino&nbsp;<\/strong>(UxP), en di\u00e1logo con este medio.&nbsp;<\/p>\n\n\n\n<p>Preocupado por la falta de definiciones sobre las caracter\u00edsticas de esta reuni\u00f3n informativa, el diputado opositor le envi\u00f3 una nota formal a Huesen y le reclam\u00f3 que acepte &#8220;incorporar otros invitados&#8221; como oradores, independientemente de las funciones de la Secretar\u00eda de Discapacidad.<\/p>\n\n\n\n<p>&#8220;<strong>Al respecto, solicito tenga a bien reconsiderar la participaci\u00f3n de referentes de organizaciones prestadoras, personas con discapacidad y familiares. Considero fundamental que puedan explicitar de primera mano sus inquietudes y la extrema preocupaci\u00f3n imperante ante la situaci\u00f3n actual del sector&#8221;,<\/strong>&nbsp;solicit\u00f3.&nbsp;<\/p>\n\n\n\n<p>&#8220;<strong>Asimismo, dejo de manifiesto la disconformidad con la tesitura de no habilitar la participaci\u00f3n de oradores externos. Son los propios representantes y referentes de las organizaciones de y para personas con discapacidad quienes han solicitado mantener un canal de di\u00e1logo directo en el \u00e1mbito de esta Comisi\u00f3n, que representa la Casa de la Democracia y el espacio natural para escuchar las voces de la sociedad civil&#8221;<\/strong>, complet\u00f3 Marino.<\/p>\n\n\n\n<p>Huesen declin\u00f3 el pedido pero dej\u00f3 abierta la puerta para abrir la comisi\u00f3n a la participaci\u00f3n de otros invitados en una futura reuni\u00f3n de comisi\u00f3n.<\/p>\n\n\n\n<p><strong>&#8220;Respecto de la posibilidad de incorporar otros invitados a la reuni\u00f3n, se hace saber que en esta oportunidad, y dado que la misma ser\u00e1 la primera de una serie de reuniones informativas, no se encuentra previsto el ingreso de invitados\/oradores adicionales, lo cual se reservar\u00e1 para reuniones posteriores&#8221;,<\/strong>&nbsp;garantiz\u00f3.<\/p>\n\n\n\n<p>La menci\u00f3n del libertario a una &#8220;serie de reuniones informativas&#8221; habla a las claras de que el oficialismo quiere llevar el tema de a poco, sin apuro, y al menos por ahora sin tener en el horizonte el tratamiento de proyectos.<\/p>\n\n\n\n<p><strong>Esta estrategia m\u00e1s &#8220;contemplativa&#8221; del oficialismo se contrapone con la intenci\u00f3n resolutiva de la oposici\u00f3n, que busca emplazar a la comisi\u00f3n de Discapacidad para ponerle fecha de firma de dictamen a los distintos proyectos en la materia.<\/strong><\/p>\n\n\n\n<p>De hecho, desde la oposici\u00f3n denuncian una maniobra &#8220;distractiva&#8221; y &#8220;dilatoria&#8221; para frenar la sesi\u00f3n y no poner nunca los proyectos en la l\u00ednea del dictamen.<\/p>\n\n\n\n<h3 class=\"wp-block-heading\">La crisis del sector de Discapacidad<\/h3>\n\n\n\n<p>Por un lado<strong>, los valores del nomenclador para abonar terapias, transporte y centros educativos quedaron muy atrasados frente a la inflaci\u00f3n acumulada.<\/strong><\/p>\n\n\n\n<p>El Gobierno actualiza el Nomenclador de Prestaciones B\u00e1sicas con aumentos m\u00ednimos&nbsp;<strong>y los valores de los aranceles quedaron completamente desactualizados respecto al costo real de vida<\/strong>, lo que vuelve inviables servicios cr\u00edticos como el<strong>&nbsp;transporte adaptado o los centros de d\u00eda.<\/strong><\/p>\n\n\n\n<p>Adem\u00e1s, las obras sociales y prepagas denuncian interrupciones en la transferencia de fondos por parte de la&nbsp;<strong>Superintendencia de Servicios de Salud y la Agencia de Recaudaci\u00f3n y Control Aduanero (ARCA),<\/strong>&nbsp;lo que corta la cadena de pagos a los profesionales.<\/p>\n\n\n\n<p>Como consecuencia, los profesionales (psic\u00f3logos, psicopedagogos, fonoaudi\u00f3logos, transportistas y centros terap\u00e9uticos) sufren deudas cr\u00f3nicas y han llegado a suspender tratamientos de forma masiva debido a que &#8220;trabajan pero no cobran&#8221;.<\/p>\n\n\n\n<p><strong>Otro foco de conflictividad tiene que ver con el recorte masivo y freno a las pensiones no contributivas (PNC) por invalidez laboral.&nbsp;<\/strong><\/p>\n\n\n\n<p>Bajo la premisa de revisar el otorgamiento de beneficios, el Gobierno dio de baja m\u00e1s de 110.000 PNC por invalidez laboral y mantiene en un &#8220;limbo&#8221; administrativo a m\u00e1s de 200.000 solicitudes nuevas.&nbsp;<\/p>\n\n\n\n<p>Adem\u00e1s, se reestableci\u00f3 la exigencia estricta de acreditar un 66% de invalidez laboral para acceder o conservar la pensi\u00f3n.<\/p>\n\n\n\n<p>El Poder Ejecutivo argumenta que el sistema previo estaba plagado de irregularidades, corrupci\u00f3n y pensiones otorgadas sin los requisitos correspondientes, justificando las auditor\u00edas estrictas y un reempadronamiento para dar de baja beneficios mal asignados.<\/p>\n\n\n\n<p>Sostiene como argumento central que entre 2003 y 2023 el n\u00famero de pensiones por invalidez creci\u00f3 de forma &#8220;exponencial e injustificada&#8221; (pasando de 76.000 a 1,2 millones), y considera que una gran parte de esos beneficios fueron otorgados de manera irregular o por clientelismo pol\u00edtico.<\/p>\n\n\n\n<p><strong>La oposici\u00f3n en el Congreso impulsa proyectos para prorrogar y garantizar la aplicaci\u00f3n de la Ley 27.793 de Emergencia en Discapacidad.<\/strong><\/p>\n\n\n\n<p>Esta norma obliga al Estado nacional a garantizar el financiamiento adecuado, actualizar pensiones de forma sostenible y cancelar las deudas con los prestadores.&nbsp;<\/p>\n\n\n\n<p>Actualmente, la oposici\u00f3n presiona en el Congreso para prorrogar esta emergencia hasta fines de 2027, mientras el oficialismo busca bloquearla e intenta debatir nuevas condiciones para limitar el gasto.<\/p>\n\n\n\n<p>Organizaciones civiles, profesionales y familiares han impulsado denuncias penales contra el presidente&nbsp;<strong>Javier Milei<\/strong>&nbsp;y sus funcionarios bajo la figura de&nbsp;<strong>&#8220;abandono de persona&#8221;<\/strong>, acus\u00e1ndolos de violar de forma deliberada el acceso a la salud y la supervivencia b\u00e1sica.&nbsp;<\/p>\n\n\n\n<p>Tambi\u00e9n acudieron a organismos internacionales como la ONU para denunciar la vulneraci\u00f3n de tratados de Derechos Humanos.<\/p>\n\n\n\n<p>El conflicto recrudeci\u00f3 tras una investigaci\u00f3n judicial por presuntas irregularidades y coimas en la<strong>&nbsp;Agencia Nacional de Discapacidad (ANDIS)<\/strong>, que provoc\u00f3 el desplazamiento del anterior director,<strong>&nbsp;Diego Spagnuolo<\/strong>, y desencaden\u00f3 numerosas protestas urbanas.<\/p>\n\n\n\n<p>Agencia NA<\/p>\n","protected":false},"excerpt":{"rendered":"<p>&nbsp;En medio de la presi\u00f3n opositora, la comisi\u00f3n de Discapacidad realizar\u00e1 este mi\u00e9rcoles una reuni\u00f3n informativa con la presencia del titular de la Secretar\u00eda Nacional de Discapacidad,&nbsp;Alejandro Vilches, y de&hellip; <\/p>\n","protected":false},"author":2,"featured_media":48548,"comment_status":"closed","ping_status":"closed","sticky":false,"template":"","format":"standard","meta":{"footnotes":""},"categories":[28,20],"tags":[],"class_list":["post-48547","post","type-post","status-publish","format-standard","has-post-thumbnail","hentry","category-destacada","category-politica"],"_links":{"self":[{"href":"https:\/\/eenergetica.com.ar\/index.php\/wp-json\/wp\/v2\/posts\/48547","targetHints":{"allow":["GET"]}}],"collection":[{"href":"https:\/\/eenergetica.com.ar\/index.php\/wp-json\/wp\/v2\/posts"}],"about":[{"href":"https:\/\/eenergetica.com.ar\/index.php\/wp-json\/wp\/v2\/types\/post"}],"author":[{"embeddable":true,"href":"https:\/\/eenergetica.com.ar\/index.php\/wp-json\/wp\/v2\/users\/2"}],"replies":[{"embeddable":true,"href":"https:\/\/eenergetica.com.ar\/index.php\/wp-json\/wp\/v2\/comments?post=48547"}],"version-history":[{"count":1,"href":"https:\/\/eenergetica.com.ar\/index.php\/wp-json\/wp\/v2\/posts\/48547\/revisions"}],"predecessor-version":[{"id":48549,"href":"https:\/\/eenergetica.com.ar\/index.php\/wp-json\/wp\/v2\/posts\/48547\/revisions\/48549"}],"wp:featuredmedia":[{"embeddable":true,"href":"https:\/\/eenergetica.com.ar\/index.php\/wp-json\/wp\/v2\/media\/48548"}],"wp:attachment":[{"href":"https:\/\/eenergetica.com.ar\/index.php\/wp-json\/wp\/v2\/media?parent=48547"}],"wp:term":[{"taxonomy":"category","embeddable":true,"href":"https:\/\/eenergetica.com.ar\/index.php\/wp-json\/wp\/v2\/categories?post=48547"},{"taxonomy":"post_tag","embeddable":true,"href":"https:\/\/eenergetica.com.ar\/index.php\/wp-json\/wp\/v2\/tags?post=48547"}],"curies":[{"name":"wp","href":"https:\/\/api.w.org\/{rel}","templated":true}]}}