{"id":48541,"date":"2026-09-02T08:04:34","date_gmt":"2026-09-02T11:04:34","guid":{"rendered":"http:\/\/eenergetica.com.ar\/?p=48541"},"modified":"2026-09-02T08:04:34","modified_gmt":"2026-09-02T11:04:34","slug":"caputo-se-reunio-con-con-bessent-que-elogio-el-plan-economico-oficialista","status":"publish","type":"post","link":"https:\/\/eenergetica.com.ar\/index.php\/2026\/09\/02\/caputo-se-reunio-con-con-bessent-que-elogio-el-plan-economico-oficialista\/","title":{"rendered":"Caputo se reuni\u00f3 con con Bessent, que elogi\u00f3 el plan econ\u00f3mico oficialista"},"content":{"rendered":"\n<p>El ministro de Econom\u00eda,&nbsp;<strong>Luis \u201cToto\u201d Caputo<\/strong>, se reuni\u00f3 con el secretario del Tesoro,&nbsp;<strong>Scott Bessent<\/strong>, con el prop\u00f3sito de avanzar en la consolidaci\u00f3n de la relaci\u00f3n bilateral en funci\u00f3n de la vital&nbsp;alianza entre&nbsp;el Gobierno del presidente,&nbsp;<strong>Javier Milei<\/strong>, y su par de los Estados Unidos,&nbsp;<strong>Donald Trump<\/strong>.<\/p>\n\n\n\n<p>Seg\u00fan supo la&nbsp;<strong>Agencia Noticias Argentinas<\/strong>, el encuentro tuvo lugar a horas de la finalizaci\u00f3n del G20 de Finanzas, donde los funcionarios avanzaron una agenda com\u00fan de ambas naciones.<\/p>\n\n\n\n<p>En su exposici\u00f3n, previo al encuentro con Luis Caputo, Bessent elogi\u00f3 el plan de ajuste econ\u00f3mico que lleva adelante el gobierno argentino.<\/p>\n\n\n\n<h3 class=\"wp-block-heading\">\u00bfQu\u00e9 expres\u00f3 Bessent?<\/h3>\n\n\n\n<p>Al respecto, Bessent marc\u00f3 que la<strong>&nbsp;\u201cArgentina est\u00e1 liderando una oportunidad hist\u00f3rica en el hemisferio occidental<\/strong>\u201d y sostuvo: \u201c<strong>Si analizamos en detalle la \u00faltima elecci\u00f3n del presidente Milei, vemos que los sectores m\u00e1s pobres de la sociedad y los j\u00f3venes \u2014que antes se inclinaban por la izquierda\u2014 le dieron su apoyo. As\u00ed que, como usted mencion\u00f3, estamos viendo cambios en Argentina, Bolivia, Colombia, Chile y Ecuador, y creo que veremos muchos m\u00e1s casos similares\u201d<\/strong>.<\/p>\n\n\n\n<p>Lo propio vali\u00f3 una sonrisa del ministro Caputo, que dijo que es&nbsp;<strong>\u201cun reconocimiento al proceso de transformaci\u00f3n que est\u00e1 llevando adelante el presidente Javier Milei\u201d<\/strong>, reconoci\u00f3 en su cuenta de X el ministro Caputo.<\/p>\n\n\n\n<h3 class=\"wp-block-heading\">Caputo a solas con Bessent<\/h3>\n\n\n\n<p>Adem\u00e1s de repasar la relaci\u00f3n entre Argentina y EEUU, entre los temas tratados Caputo le consult\u00f3 a Bessent sobre&nbsp;su mirada de la crisis en Medio Oriente, la cual genera consecuencias en mercados globales y econom\u00edas locales.<\/p>\n\n\n\n<p>En este punto, el secretario del Tesoro, Bessent, fue el dise\u00f1ador de las penas comerciales en contra de Ir\u00e1n, pero tambi\u00e9n tiene un rol importante al establecer las disposiciones que sean necesarias para sujetar la inflaci\u00f3n local.&nbsp;<\/p>\n\n\n\n<p>Lo cierto es que, hasta ahora, no est\u00e1 obteniendo resultados precisos, ya que Ir\u00e1n sigue al control del estrecho de Ormuz, China se muestra reacia y la Uni\u00f3n Europea&nbsp;critic\u00f3 tanto el sentido como su alcance.<\/p>\n\n\n\n<p>Agencia NA<\/p>\n","protected":false},"excerpt":{"rendered":"<p>El ministro de Econom\u00eda,&nbsp;Luis \u201cToto\u201d Caputo, se reuni\u00f3 con el secretario del Tesoro,&nbsp;Scott Bessent, con el prop\u00f3sito de avanzar en la consolidaci\u00f3n de la relaci\u00f3n bilateral en funci\u00f3n de la&hellip; <\/p>\n","protected":false},"author":2,"featured_media":48542,"comment_status":"closed","ping_status":"closed","sticky":false,"template":"","format":"standard","meta":{"footnotes":""},"categories":[21],"tags":[],"class_list":["post-48541","post","type-post","status-publish","format-standard","has-post-thumbnail","hentry","category-economia"],"_links":{"self":[{"href":"https:\/\/eenergetica.com.ar\/index.php\/wp-json\/wp\/v2\/posts\/48541","targetHints":{"allow":["GET"]}}],"collection":[{"href":"https:\/\/eenergetica.com.ar\/index.php\/wp-json\/wp\/v2\/posts"}],"about":[{"href":"https:\/\/eenergetica.com.ar\/index.php\/wp-json\/wp\/v2\/types\/post"}],"author":[{"embeddable":true,"href":"https:\/\/eenergetica.com.ar\/index.php\/wp-json\/wp\/v2\/users\/2"}],"replies":[{"embeddable":true,"href":"https:\/\/eenergetica.com.ar\/index.php\/wp-json\/wp\/v2\/comments?post=48541"}],"version-history":[{"count":1,"href":"https:\/\/eenergetica.com.ar\/index.php\/wp-json\/wp\/v2\/posts\/48541\/revisions"}],"predecessor-version":[{"id":48543,"href":"https:\/\/eenergetica.com.ar\/index.php\/wp-json\/wp\/v2\/posts\/48541\/revisions\/48543"}],"wp:featuredmedia":[{"embeddable":true,"href":"https:\/\/eenergetica.com.ar\/index.php\/wp-json\/wp\/v2\/media\/48542"}],"wp:attachment":[{"href":"https:\/\/eenergetica.com.ar\/index.php\/wp-json\/wp\/v2\/media?parent=48541"}],"wp:term":[{"taxonomy":"category","embeddable":true,"href":"https:\/\/eenergetica.com.ar\/index.php\/wp-json\/wp\/v2\/categories?post=48541"},{"taxonomy":"post_tag","embeddable":true,"href":"https:\/\/eenergetica.com.ar\/index.php\/wp-json\/wp\/v2\/tags?post=48541"}],"curies":[{"name":"wp","href":"https:\/\/api.w.org\/{rel}","templated":true}]}}