{"id":48532,"date":"2026-09-02T07:59:23","date_gmt":"2026-09-02T10:59:23","guid":{"rendered":"http:\/\/eenergetica.com.ar\/?p=48532"},"modified":"2026-09-02T07:59:23","modified_gmt":"2026-09-02T10:59:23","slug":"con-milei-ausente-la-uia-celebrara-el-dia-de-la-industria-en-un-escenario-negativo","status":"publish","type":"post","link":"https:\/\/eenergetica.com.ar\/index.php\/2026\/09\/02\/con-milei-ausente-la-uia-celebrara-el-dia-de-la-industria-en-un-escenario-negativo\/","title":{"rendered":"Con Milei ausente, la UIA celebrar\u00e1 el D\u00eda de la Industria en un escenario negativo"},"content":{"rendered":"\n<p><mark>Con f\u00e1bricas que tienen buena parte de sus m\u00e1quinas paradas<\/mark>, la UIA celebrar\u00e1 este mi\u00e9rcoles el&nbsp;<mark>D\u00eda de la Industria<\/mark>&nbsp;en un establecimiento farmac\u00e9utico de Malvinas Argentinas, desde las 10.<\/p>\n\n\n\n<p><strong>Hacia all\u00ed ir\u00e1n el jefe de Gabinete, Diego Santilli, y el secretario Pablo Lavigne, hombre de Luis Caputo, quienes escuchar\u00e1n al presidente de la UIA, Mart\u00edn Rappallini, de Cer\u00e1micas Alberdi.&nbsp;<\/strong><\/p>\n\n\n\n<p><mark>Los n\u00fameros del sector est\u00e1n en rojo, con una ca\u00edda superior al 2 por ciento, y la desaparici\u00f3n de unas 3.000 f\u00e1bricas.<\/mark><\/p>\n\n\n\n<p>A esto se suma la preocupaci\u00f3n por la apertura importadora en productos claves como siderurgia y textiles, con China cada vez m\u00e1s fuerte.<\/p>\n\n\n\n<p>Sectores como neum\u00e1ticos y metalurgia est\u00e1n entre los m\u00e1s afectados.<\/p>\n\n\n\n<p><mark>La relaci\u00f3n con el gobierno de Javier Milei es tensa, porque la administraci\u00f3n libertaria los acusa de buscar prebendas para producir.<\/mark><\/p>\n\n\n\n<p>Las empresas enfrentan una ca\u00edda de ventas, derivada de la p\u00e9rdida del poder de compra de los salarios, y la merma del cr\u00e9dito para el consumo.<\/p>\n\n\n\n<p>Sobre ello se monta una mayor facilidad para las importaciones. El Gobierno ha ido desmantelando regulaciones que permit\u00edan demorar o frenar algunos importados. Agencia NA<\/p>\n","protected":false},"excerpt":{"rendered":"<p>Con f\u00e1bricas que tienen buena parte de sus m\u00e1quinas paradas, la UIA celebrar\u00e1 este mi\u00e9rcoles el&nbsp;D\u00eda de la Industria&nbsp;en un establecimiento farmac\u00e9utico de Malvinas Argentinas, desde las 10. Hacia all\u00ed&hellip; <\/p>\n","protected":false},"author":2,"featured_media":48533,"comment_status":"closed","ping_status":"closed","sticky":false,"template":"","format":"standard","meta":{"footnotes":""},"categories":[20],"tags":[],"class_list":["post-48532","post","type-post","status-publish","format-standard","has-post-thumbnail","hentry","category-politica"],"_links":{"self":[{"href":"https:\/\/eenergetica.com.ar\/index.php\/wp-json\/wp\/v2\/posts\/48532","targetHints":{"allow":["GET"]}}],"collection":[{"href":"https:\/\/eenergetica.com.ar\/index.php\/wp-json\/wp\/v2\/posts"}],"about":[{"href":"https:\/\/eenergetica.com.ar\/index.php\/wp-json\/wp\/v2\/types\/post"}],"author":[{"embeddable":true,"href":"https:\/\/eenergetica.com.ar\/index.php\/wp-json\/wp\/v2\/users\/2"}],"replies":[{"embeddable":true,"href":"https:\/\/eenergetica.com.ar\/index.php\/wp-json\/wp\/v2\/comments?post=48532"}],"version-history":[{"count":1,"href":"https:\/\/eenergetica.com.ar\/index.php\/wp-json\/wp\/v2\/posts\/48532\/revisions"}],"predecessor-version":[{"id":48534,"href":"https:\/\/eenergetica.com.ar\/index.php\/wp-json\/wp\/v2\/posts\/48532\/revisions\/48534"}],"wp:featuredmedia":[{"embeddable":true,"href":"https:\/\/eenergetica.com.ar\/index.php\/wp-json\/wp\/v2\/media\/48533"}],"wp:attachment":[{"href":"https:\/\/eenergetica.com.ar\/index.php\/wp-json\/wp\/v2\/media?parent=48532"}],"wp:term":[{"taxonomy":"category","embeddable":true,"href":"https:\/\/eenergetica.com.ar\/index.php\/wp-json\/wp\/v2\/categories?post=48532"},{"taxonomy":"post_tag","embeddable":true,"href":"https:\/\/eenergetica.com.ar\/index.php\/wp-json\/wp\/v2\/tags?post=48532"}],"curies":[{"name":"wp","href":"https:\/\/api.w.org\/{rel}","templated":true}]}}